{"id":188725,"date":"2025-12-24T16:17:40","date_gmt":"2025-12-24T22:17:40","guid":{"rendered":"https:\/\/canal7slp.tv\/2026\/?p=188725"},"modified":"2025-12-24T16:17:40","modified_gmt":"2025-12-24T22:17:40","slug":"relevos-en-villa-de-pozos-abren-proceso-de-ajuste-y-regularizacion-juan-carlos-valladares-eichelmann","status":"publish","type":"post","link":"https:\/\/canal7slp.tv\/2026\/relevos-en-villa-de-pozos-abren-proceso-de-ajuste-y-regularizacion-juan-carlos-valladares-eichelmann\/","title":{"rendered":"Relevos en Villa de Pozos abren proceso de ajuste y regularizaci\u00f3n: Juan Carlos Valladares Eichelmann"},"content":{"rendered":"<p style=\"text-align: justify;\"><span style=\"font-size: 1.21429rem;\">SLP.- Tras una destituci\u00f3n, el consejo municipal de Villa de Pozos qued\u00f3 conformado en su totalidad por nuevos perfiles, un relevo que de acuerdo con el diputado federal, Juan Carlos Valladares, abre una etapa de ajuste para el municipio m\u00e1s reciente del estado de San Luis Potos\u00ed.<\/span><\/p>\n<p style=\"text-align: justify;\">Consider\u00f3 que el proceso de transici\u00f3n implicar\u00e1 una curva de adaptaci\u00f3n por lo que el funcionamiento institucional requerir\u00e1 tiempo y adecuaciones.<\/p>\n<p style=\"text-align: justify;\">\u201cPues mira, ojal\u00e1 el cambio sea positivo. Sabemos que aunque siempre es complejo entrar en una din\u00e1mica de un municipio nuevo, el desprenderse del municipio de la capital, esa parte de ser un municipio nuevo, pues sab\u00edamos que iba a tener una curva de adaptaci\u00f3n considerable\u00bb, dijo<\/p>\n<p style=\"text-align: justify;\">Para el legislador, la decisi\u00f3n de renovar completamente el consejo responde a fallas detectadas en la etapa previa para atender pendientes estructurales.<\/p>\n<p style=\"text-align: justify;\">\u201cS\u00ed es un cambio en su totalidad, en ese sentido, pues es porque a lo mejor algunas cosas no estaban funcionando\u00bb, sostuvo.<\/p>\n<p style=\"text-align: justify;\">Valladares subray\u00f3 que el impacto del relevo deber\u00e1 medirse en la atenci\u00f3n de necesidades b\u00e1sicas y en resultados concretos para la ciudadan\u00eda, particularmente en servicios y orden administrativo.<\/p>\n<p style=\"text-align: justify;\">\u00abEspero y este cambio venga a funcionar de verdad y a lo que todav\u00eda haga falta en este nuevo municipio, pues que se venga a cubrir las necesidades, sobre todo las necesidades b\u00e1sicas de los ciudadanos del municipio de Pozos\u00bb, agreg\u00f3.<\/p>\n<p style=\"text-align: justify;\">Finalmente, reconoci\u00f3 la complejidad del proceso de arranque institucional, aunque confi\u00f3 en que la regularizaci\u00f3n llegue en el corto plazo si los nuevos integrantes asumen con responsabilidad el encargo.<\/p>\n<p style=\"text-align: justify;\">\u201cSab\u00edamos que iba a ser complejo, creo, bueno, yo en el personal sab\u00eda que era un cambio complejo, pero espero que pronto y antes de lo que pensemos, se regularice y empiecen a haber cambios buenos para la ciudadan\u00eda del municipio\u00bb, coment\u00f3.<\/p>\n<p style=\"text-align: justify;\">Continu\u00f3: \u00abEntonces, pues como todos los cambios esperar que sean positivos, este, que los nuevos que llegaron, en verdad agarren el toro por los cuernos y empiecen a atender muchas de las cuestiones que en principio se han atendido, pero pues tambi\u00e9n la dificultad que conlleva este cambio, pues es dif\u00edcil\u00bb.<\/p>\n<p>Por: Jos\u00e9 Luis V\u00e1zquez<\/p>\n","protected":false},"excerpt":{"rendered":"<p>SLP.- Tras una destituci\u00f3n, el consejo municipal de Villa de Pozos qued\u00f3 conformado en su totalidad por nuevos perfiles, un relevo que de acuerdo con el diputado federal, Juan Carlos Valladares, abre una etapa de ajuste para el municipio m\u00e1s reciente del estado de San Luis Potos\u00ed. Consider\u00f3 que el proceso de transici\u00f3n implicar\u00e1 una curva de adaptaci\u00f3n por lo que el funcionamiento institucional requerir\u00e1 tiempo y adecuaciones. \u201cPues mira, ojal\u00e1 el cambio sea positivo. Sabemos que aunque siempre es complejo entrar en una din\u00e1mica de un municipio nuevo, el desprenderse del municipio de la capital, esa parte de ser [&hellip;]<\/p>\n","protected":false},"author":2,"featured_media":188755,"comment_status":"closed","ping_status":"closed","sticky":false,"template":"","format":"video","meta":{"_monsterinsights_skip_tracking":false,"_monsterinsights_sitenote_active":false,"_monsterinsights_sitenote_note":"","_monsterinsights_sitenote_category":0,"footnotes":""},"categories":[5,45],"tags":[],"class_list":["post-188725","post","type-post","status-publish","format-video","has-post-thumbnail","hentry","category-destacadas","category-localesyregionales","post_format-post-format-video","post--single"],"_links":{"self":[{"href":"https:\/\/canal7slp.tv\/2026\/wp-json\/wp\/v2\/posts\/188725","targetHints":{"allow":["GET"]}}],"collection":[{"href":"https:\/\/canal7slp.tv\/2026\/wp-json\/wp\/v2\/posts"}],"about":[{"href":"https:\/\/canal7slp.tv\/2026\/wp-json\/wp\/v2\/types\/post"}],"author":[{"embeddable":true,"href":"https:\/\/canal7slp.tv\/2026\/wp-json\/wp\/v2\/users\/2"}],"replies":[{"embeddable":true,"href":"https:\/\/canal7slp.tv\/2026\/wp-json\/wp\/v2\/comments?post=188725"}],"version-history":[{"count":3,"href":"https:\/\/canal7slp.tv\/2026\/wp-json\/wp\/v2\/posts\/188725\/revisions"}],"predecessor-version":[{"id":188757,"href":"https:\/\/canal7slp.tv\/2026\/wp-json\/wp\/v2\/posts\/188725\/revisions\/188757"}],"wp:featuredmedia":[{"embeddable":true,"href":"https:\/\/canal7slp.tv\/2026\/wp-json\/wp\/v2\/media\/188755"}],"wp:attachment":[{"href":"https:\/\/canal7slp.tv\/2026\/wp-json\/wp\/v2\/media?parent=188725"}],"wp:term":[{"taxonomy":"category","embeddable":true,"href":"https:\/\/canal7slp.tv\/2026\/wp-json\/wp\/v2\/categories?post=188725"},{"taxonomy":"post_tag","embeddable":true,"href":"https:\/\/canal7slp.tv\/2026\/wp-json\/wp\/v2\/tags?post=188725"}],"curies":[{"name":"wp","href":"https:\/\/api.w.org\/{rel}","templated":true}]}}