{"id":188715,"date":"2025-12-24T14:56:57","date_gmt":"2025-12-24T20:56:57","guid":{"rendered":"https:\/\/canal7slp.tv\/2026\/?p=188715"},"modified":"2025-12-24T14:56:57","modified_gmt":"2025-12-24T20:56:57","slug":"jugadores-del-cefor-san-luis-a-la-seleccion-de-la-zona-xii","status":"publish","type":"post","link":"https:\/\/canal7slp.tv\/2026\/jugadores-del-cefor-san-luis-a-la-seleccion-de-la-zona-xii\/","title":{"rendered":"Jugadores del CEFOR San Luis a la selecci\u00f3n de la Zona XII"},"content":{"rendered":"<p style=\"text-align: justify;\">SLP.- Los jugadores Dylan Ulises Carrera Rangel y Jairo Alessandro Garay Zamarr\u00f3n fueron convocados para integrar la selecci\u00f3n de la Zona XII de la Tercera Divisi\u00f3n Profesional que participar\u00e1 en el Torneo del Sol, certamen que se desarrollar\u00e1 en enero en las instalaciones de la Federaci\u00f3n Mexicana de Futbol, en Toluca.<\/p>\n<p style=\"text-align: justify;\">El zaguero Dylan Ulises Carrera es un jugador con gran calidad en sus pies lo cual le a valido para que se fijen en \u00e9l, y as\u00ed ser parte de una selecci\u00f3n a la cual se tendr\u00e1 que reportar en las instalaciones de la Federaci\u00f3n Mexicana de Futbol.<\/p>\n<p style=\"text-align: justify;\">Asimismo, Jairo Alessandro Garay brind\u00f3 su mejor futbol en la pre, para despu\u00e9s ser tomado en cuenta como zaguero lo cual habla del gran trabajo que ha venido haciendo su timonel Rafael Lira.<\/p>\n","protected":false},"excerpt":{"rendered":"<p>SLP.- Los jugadores Dylan Ulises Carrera Rangel y Jairo Alessandro Garay Zamarr\u00f3n fueron convocados para integrar la selecci\u00f3n de la Zona XII de la Tercera Divisi\u00f3n Profesional que participar\u00e1 en el Torneo del Sol, certamen que se desarrollar\u00e1 en enero en las instalaciones de la Federaci\u00f3n Mexicana de Futbol, en Toluca. El zaguero Dylan Ulises Carrera es un jugador con gran calidad en sus pies lo cual le a valido para que se fijen en \u00e9l, y as\u00ed ser parte de una selecci\u00f3n a la cual se tendr\u00e1 que reportar en las instalaciones de la Federaci\u00f3n Mexicana de Futbol. Asimismo, [&hellip;]<\/p>\n","protected":false},"author":2,"featured_media":188717,"comment_status":"closed","ping_status":"closed","sticky":false,"template":"","format":"video","meta":{"_monsterinsights_skip_tracking":false,"_monsterinsights_sitenote_active":false,"_monsterinsights_sitenote_note":"","_monsterinsights_sitenote_category":0,"footnotes":""},"categories":[7,5],"tags":[],"class_list":["post-188715","post","type-post","status-publish","format-video","has-post-thumbnail","hentry","category-deportes","category-destacadas","post_format-post-format-video","post--single"],"_links":{"self":[{"href":"https:\/\/canal7slp.tv\/2026\/wp-json\/wp\/v2\/posts\/188715","targetHints":{"allow":["GET"]}}],"collection":[{"href":"https:\/\/canal7slp.tv\/2026\/wp-json\/wp\/v2\/posts"}],"about":[{"href":"https:\/\/canal7slp.tv\/2026\/wp-json\/wp\/v2\/types\/post"}],"author":[{"embeddable":true,"href":"https:\/\/canal7slp.tv\/2026\/wp-json\/wp\/v2\/users\/2"}],"replies":[{"embeddable":true,"href":"https:\/\/canal7slp.tv\/2026\/wp-json\/wp\/v2\/comments?post=188715"}],"version-history":[{"count":1,"href":"https:\/\/canal7slp.tv\/2026\/wp-json\/wp\/v2\/posts\/188715\/revisions"}],"predecessor-version":[{"id":188718,"href":"https:\/\/canal7slp.tv\/2026\/wp-json\/wp\/v2\/posts\/188715\/revisions\/188718"}],"wp:featuredmedia":[{"embeddable":true,"href":"https:\/\/canal7slp.tv\/2026\/wp-json\/wp\/v2\/media\/188717"}],"wp:attachment":[{"href":"https:\/\/canal7slp.tv\/2026\/wp-json\/wp\/v2\/media?parent=188715"}],"wp:term":[{"taxonomy":"category","embeddable":true,"href":"https:\/\/canal7slp.tv\/2026\/wp-json\/wp\/v2\/categories?post=188715"},{"taxonomy":"post_tag","embeddable":true,"href":"https:\/\/canal7slp.tv\/2026\/wp-json\/wp\/v2\/tags?post=188715"}],"curies":[{"name":"wp","href":"https:\/\/api.w.org\/{rel}","templated":true}]}}