{"id":188649,"date":"2025-12-23T17:25:09","date_gmt":"2025-12-23T23:25:09","guid":{"rendered":"https:\/\/canal7slp.tv\/2026\/?p=188649"},"modified":"2025-12-23T17:25:09","modified_gmt":"2025-12-23T23:25:09","slug":"empresarios-exigen-refuerzo-de-seguridad-en-la-frontera-sur-tras-enfrentamientos","status":"publish","type":"post","link":"https:\/\/canal7slp.tv\/2026\/empresarios-exigen-refuerzo-de-seguridad-en-la-frontera-sur-tras-enfrentamientos\/","title":{"rendered":"Empresarios exigen refuerzo de seguridad en la frontera sur tras enfrentamientos"},"content":{"rendered":"<p style=\"text-align: justify;\">M\u00e9xico.- Tras los recientes enfrentamientos registrados en la frontera entre M\u00e9xico y Guatemala, que dejaron un civil muerto y un militar guatemalteco herido, empresarios y organizaciones civiles del sur de Chiapas solicitaron a las autoridades federales y estatales un refuerzo inmediato de la seguridad en la regi\u00f3n.<\/p>\n<p style=\"text-align: justify;\">C\u00e9sar Garc\u00eda Jim\u00e9nez, presidente de la organizaci\u00f3n Pro-centro de comerciantes y empresarios de Tapachula, se\u00f1al\u00f3 que la frontera sur es altamente porosa y vulnerable al cruce de grupos del crimen organizado, por lo que consider\u00f3 urgente incrementar la presencia militar y de fuerzas federales. Advirti\u00f3 que el clima de inseguridad ya tiene un impacto econ\u00f3mico, al provocar una reducci\u00f3n de hasta 30% en la llegada de visitantes guatemaltecos, especialmente en diciembre, uno de los meses m\u00e1s importantes para la recuperaci\u00f3n del comercio local.<\/p>\n<p style=\"text-align: justify;\">En el mismo sentido, Abel M\u00e9ndez Ruiz, presidente de la C\u00e1mara Nacional de la Industria de la Transformaci\u00f3n (Canacintra), expres\u00f3 su preocupaci\u00f3n por el descuido en la vigilancia fronteriza y la falta de controles efectivos, y reiter\u00f3 la necesidad de reforzar los operativos de seguridad para restablecer el orden en Tapachula.<\/p>\n<p style=\"text-align: justify;\">Por su parte, Alfredo de la Cruz Cordero, representante de la Asociaci\u00f3n Nueva Generaci\u00f3n Vinculaci\u00f3n Social, exigi\u00f3 una atenci\u00f3n prioritaria para la regi\u00f3n del Soconusco, al subrayar su relevancia productiva. Se\u00f1al\u00f3 la urgencia de proteger a los trabajadores y sus actividades, y pidi\u00f3 la instalaci\u00f3n de mesas de trabajo que deriven en acciones concretas, m\u00e1s all\u00e1 de discursos.<\/p>\n<p style=\"text-align: justify;\">Este llamado ocurre tras un enfrentamiento armado ocurrido el pasado 8 de diciembre en Agua Zarca, Guatemala, atribuido a grupos del crimen organizado que operan en ambos lados de la frontera. El secretario de Seguridad y Protecci\u00f3n Ciudadana, Omar Garc\u00eda Harfuch, inform\u00f3 que se estableci\u00f3 un intercambio de informaci\u00f3n con autoridades guatemaltecas y que unidades del Ej\u00e9rcito mexicano fueron desplegadas en la zona para fortalecer la vigilancia y las labores de reconocimiento.<\/p>\n<p style=\"text-align: justify;\">De acuerdo con el Gabinete de Seguridad, al menos dos organizaciones criminales mantienen presencia activa en la regi\u00f3n: una vinculada al C\u00e1rtel de Sinaloa y otra identificada como el C\u00e1rtel de Chiapas\u2013Guatemala, las cuales disputan el control territorial en un contexto de creciente violencia relacionada con el tr\u00e1fico de drogas y personas.<\/p>\n","protected":false},"excerpt":{"rendered":"<p>M\u00e9xico.- Tras los recientes enfrentamientos registrados en la frontera entre M\u00e9xico y Guatemala, que dejaron un civil muerto y un militar guatemalteco herido, empresarios y organizaciones civiles del sur de Chiapas solicitaron a las autoridades federales y estatales un refuerzo inmediato de la seguridad en la regi\u00f3n. C\u00e9sar Garc\u00eda Jim\u00e9nez, presidente de la organizaci\u00f3n Pro-centro de comerciantes y empresarios de Tapachula, se\u00f1al\u00f3 que la frontera sur es altamente porosa y vulnerable al cruce de grupos del crimen organizado, por lo que consider\u00f3 urgente incrementar la presencia militar y de fuerzas federales. Advirti\u00f3 que el clima de inseguridad ya tiene un [&hellip;]<\/p>\n","protected":false},"author":2,"featured_media":188650,"comment_status":"closed","ping_status":"closed","sticky":false,"template":"","format":"standard","meta":{"_monsterinsights_skip_tracking":false,"_monsterinsights_sitenote_active":false,"_monsterinsights_sitenote_note":"","_monsterinsights_sitenote_category":0,"footnotes":""},"categories":[46],"tags":[],"class_list":["post-188649","post","type-post","status-publish","format-standard","has-post-thumbnail","hentry","category-nacional","post--single"],"_links":{"self":[{"href":"https:\/\/canal7slp.tv\/2026\/wp-json\/wp\/v2\/posts\/188649","targetHints":{"allow":["GET"]}}],"collection":[{"href":"https:\/\/canal7slp.tv\/2026\/wp-json\/wp\/v2\/posts"}],"about":[{"href":"https:\/\/canal7slp.tv\/2026\/wp-json\/wp\/v2\/types\/post"}],"author":[{"embeddable":true,"href":"https:\/\/canal7slp.tv\/2026\/wp-json\/wp\/v2\/users\/2"}],"replies":[{"embeddable":true,"href":"https:\/\/canal7slp.tv\/2026\/wp-json\/wp\/v2\/comments?post=188649"}],"version-history":[{"count":1,"href":"https:\/\/canal7slp.tv\/2026\/wp-json\/wp\/v2\/posts\/188649\/revisions"}],"predecessor-version":[{"id":188651,"href":"https:\/\/canal7slp.tv\/2026\/wp-json\/wp\/v2\/posts\/188649\/revisions\/188651"}],"wp:featuredmedia":[{"embeddable":true,"href":"https:\/\/canal7slp.tv\/2026\/wp-json\/wp\/v2\/media\/188650"}],"wp:attachment":[{"href":"https:\/\/canal7slp.tv\/2026\/wp-json\/wp\/v2\/media?parent=188649"}],"wp:term":[{"taxonomy":"category","embeddable":true,"href":"https:\/\/canal7slp.tv\/2026\/wp-json\/wp\/v2\/categories?post=188649"},{"taxonomy":"post_tag","embeddable":true,"href":"https:\/\/canal7slp.tv\/2026\/wp-json\/wp\/v2\/tags?post=188649"}],"curies":[{"name":"wp","href":"https:\/\/api.w.org\/{rel}","templated":true}]}}