{"id":188614,"date":"2025-12-23T15:02:25","date_gmt":"2025-12-23T21:02:25","guid":{"rendered":"https:\/\/canal7slp.tv\/2026\/?p=188614"},"modified":"2025-12-23T15:02:25","modified_gmt":"2025-12-23T21:02:25","slug":"anderson-duarte-se-incorpora-al-atletico-de-san-luis","status":"publish","type":"post","link":"https:\/\/canal7slp.tv\/2026\/anderson-duarte-se-incorpora-al-atletico-de-san-luis\/","title":{"rendered":"Anderson Duarte se incorpora al Atl\u00e9tico de San Luis"},"content":{"rendered":"<p style=\"text-align: justify;\">SLP.- El Club Atl\u00e9tico de San Luis inform\u00f3 la llegada de su primer refuerzo de cara al torneo Clausura 2026, se trata de Anderson Duarte, futbolista uruguayo de 21 a\u00f1os que se incorpora procedente de Mazatl\u00e1n FC.<\/p>\n<p style=\"text-align: justify;\">Duarte, atacante con perfil ofensivo que puede desempe\u00f1arse como extremo, inici\u00f3 su carrera en Defensor Sporting de Uruguay, club en el que realiz\u00f3 su proceso formativo y debut profesional.<\/p>\n<p style=\"text-align: justify;\">Para 2024 lleg\u00f3 al futbol mexicano con los Diablos Rojos del Toluca y posteriormente continu\u00f3 su participaci\u00f3n en la Liga MX con Mazatl\u00e1n FC durante el 2025.<\/p>\n<p style=\"text-align: justify;\">En su trayectoria, el uruguayo suma dos t\u00edtulos de Copa AUF (2022 y 2023) con<\/p>\n<p style=\"text-align: justify;\">Defensor Sporting. A nivel internacional, destaca su t\u00edtulo como campe\u00f3n del mundo Sub-20 con Uruguay en 2023, donde la Selecci\u00f3n Celeste venci\u00f3 a Italia en el Estadio Ciudad de La Plata.<\/p>\n","protected":false},"excerpt":{"rendered":"<p>SLP.- El Club Atl\u00e9tico de San Luis inform\u00f3 la llegada de su primer refuerzo de cara al torneo Clausura 2026, se trata de Anderson Duarte, futbolista uruguayo de 21 a\u00f1os que se incorpora procedente de Mazatl\u00e1n FC. Duarte, atacante con perfil ofensivo que puede desempe\u00f1arse como extremo, inici\u00f3 su carrera en Defensor Sporting de Uruguay, club en el que realiz\u00f3 su proceso formativo y debut profesional. Para 2024 lleg\u00f3 al futbol mexicano con los Diablos Rojos del Toluca y posteriormente continu\u00f3 su participaci\u00f3n en la Liga MX con Mazatl\u00e1n FC durante el 2025. En su trayectoria, el uruguayo suma dos [&hellip;]<\/p>\n","protected":false},"author":2,"featured_media":188615,"comment_status":"closed","ping_status":"closed","sticky":false,"template":"","format":"video","meta":{"_monsterinsights_skip_tracking":false,"_monsterinsights_sitenote_active":false,"_monsterinsights_sitenote_note":"","_monsterinsights_sitenote_category":0,"footnotes":""},"categories":[7,5],"tags":[],"class_list":["post-188614","post","type-post","status-publish","format-video","has-post-thumbnail","hentry","category-deportes","category-destacadas","post_format-post-format-video","post--single"],"_links":{"self":[{"href":"https:\/\/canal7slp.tv\/2026\/wp-json\/wp\/v2\/posts\/188614","targetHints":{"allow":["GET"]}}],"collection":[{"href":"https:\/\/canal7slp.tv\/2026\/wp-json\/wp\/v2\/posts"}],"about":[{"href":"https:\/\/canal7slp.tv\/2026\/wp-json\/wp\/v2\/types\/post"}],"author":[{"embeddable":true,"href":"https:\/\/canal7slp.tv\/2026\/wp-json\/wp\/v2\/users\/2"}],"replies":[{"embeddable":true,"href":"https:\/\/canal7slp.tv\/2026\/wp-json\/wp\/v2\/comments?post=188614"}],"version-history":[{"count":2,"href":"https:\/\/canal7slp.tv\/2026\/wp-json\/wp\/v2\/posts\/188614\/revisions"}],"predecessor-version":[{"id":188618,"href":"https:\/\/canal7slp.tv\/2026\/wp-json\/wp\/v2\/posts\/188614\/revisions\/188618"}],"wp:featuredmedia":[{"embeddable":true,"href":"https:\/\/canal7slp.tv\/2026\/wp-json\/wp\/v2\/media\/188615"}],"wp:attachment":[{"href":"https:\/\/canal7slp.tv\/2026\/wp-json\/wp\/v2\/media?parent=188614"}],"wp:term":[{"taxonomy":"category","embeddable":true,"href":"https:\/\/canal7slp.tv\/2026\/wp-json\/wp\/v2\/categories?post=188614"},{"taxonomy":"post_tag","embeddable":true,"href":"https:\/\/canal7slp.tv\/2026\/wp-json\/wp\/v2\/tags?post=188614"}],"curies":[{"name":"wp","href":"https:\/\/api.w.org\/{rel}","templated":true}]}}