{"id":188531,"date":"2025-12-22T21:53:25","date_gmt":"2025-12-23T03:53:25","guid":{"rendered":"https:\/\/canal7slp.tv\/2026\/?p=188531"},"modified":"2025-12-22T21:53:25","modified_gmt":"2025-12-23T03:53:25","slug":"en-curso-proceso-para-designar-nueva-titularidad-de-la-ceeav","status":"publish","type":"post","link":"https:\/\/canal7slp.tv\/2026\/en-curso-proceso-para-designar-nueva-titularidad-de-la-ceeav\/","title":{"rendered":"En curso, proceso para designar nueva titularidad de la CEEAV"},"content":{"rendered":"<p style=\"text-align: justify;\">SLP.- El proceso para designar a la nueva persona titular de la Comisi\u00f3n Ejecutiva Estatal de Atenci\u00f3n a V\u00edctimas ya se encuentra en marcha en San Luis Potos\u00ed, con la emisi\u00f3n formal de la convocatoria y la apertura del periodo para la recepci\u00f3n de aspirantes.<\/p>\n<p style=\"text-align: justify;\">\u201cEs en t\u00e9rminos de ley para poder elegir a quien habr\u00e1 de dirigir esa oficina, hay que emitir una convocatoria la cual ya se hizo y fue difundida a trav\u00e9s de medios motivos de comunicaci\u00f3n como del peri\u00f3dico oficial del estado\u00bb, dijo el secretario general de Gobierno, Guadalupe Torres S\u00e1nchez.<\/p>\n<p style=\"text-align: justify;\">La convocatoria establece plazos espec\u00edficos para la postulaci\u00f3n, tras lo cual se revisar\u00e1n los perfiles que cumplan con los requisitos legales y con criterios de legitimidad social.<\/p>\n<p style=\"text-align: justify;\">\u00abEstamos esperando, ah\u00ed mismo se establecen los tiempos, los plazos, estamos esperando recibir los perfiles que se ajusten a las necesidades y sobre todo que sean bien vistos por colectivos\u00bb, agreg\u00f3.<\/p>\n<p style=\"text-align: justify;\">La definici\u00f3n del perfil apunta a la atenci\u00f3n, acompa\u00f1amiento y defensa de los derechos de las v\u00edctimas, un \u00e1mbito que exige capacidades t\u00e9cnicas y un trato sensible ante contextos de alta vulnerabilidad.<\/p>\n<p style=\"text-align: justify;\">\u00abAl final del d\u00eda la titularidad de la Comisi\u00f3n Ejecutiva Estatal de Atenci\u00f3n a V\u00edctimas debe ser una persona experta en el conocimiento de la ley, pero tambi\u00e9n con mucha sensibilidad social hacia las v\u00edctimas, entonces vamos por buen camino\u00bb, termin\u00f3.<\/p>\n<p>Por: Jos\u00e9 Luis V\u00e1zquez<\/p>\n","protected":false},"excerpt":{"rendered":"<p>SLP.- El proceso para designar a la nueva persona titular de la Comisi\u00f3n Ejecutiva Estatal de Atenci\u00f3n a V\u00edctimas ya se encuentra en marcha en San Luis Potos\u00ed, con la emisi\u00f3n formal de la convocatoria y la apertura del periodo para la recepci\u00f3n de aspirantes. \u201cEs en t\u00e9rminos de ley para poder elegir a quien habr\u00e1 de dirigir esa oficina, hay que emitir una convocatoria la cual ya se hizo y fue difundida a trav\u00e9s de medios motivos de comunicaci\u00f3n como del peri\u00f3dico oficial del estado\u00bb, dijo el secretario general de Gobierno, Guadalupe Torres S\u00e1nchez. La convocatoria establece plazos espec\u00edficos [&hellip;]<\/p>\n","protected":false},"author":2,"featured_media":188577,"comment_status":"closed","ping_status":"closed","sticky":false,"template":"","format":"video","meta":{"_monsterinsights_skip_tracking":false,"_monsterinsights_sitenote_active":false,"_monsterinsights_sitenote_note":"","_monsterinsights_sitenote_category":0,"footnotes":""},"categories":[5,510,45],"tags":[],"class_list":["post-188531","post","type-post","status-publish","format-video","has-post-thumbnail","hentry","category-destacadas","category-gobedoslp","category-localesyregionales","post_format-post-format-video","post--single"],"_links":{"self":[{"href":"https:\/\/canal7slp.tv\/2026\/wp-json\/wp\/v2\/posts\/188531","targetHints":{"allow":["GET"]}}],"collection":[{"href":"https:\/\/canal7slp.tv\/2026\/wp-json\/wp\/v2\/posts"}],"about":[{"href":"https:\/\/canal7slp.tv\/2026\/wp-json\/wp\/v2\/types\/post"}],"author":[{"embeddable":true,"href":"https:\/\/canal7slp.tv\/2026\/wp-json\/wp\/v2\/users\/2"}],"replies":[{"embeddable":true,"href":"https:\/\/canal7slp.tv\/2026\/wp-json\/wp\/v2\/comments?post=188531"}],"version-history":[{"count":2,"href":"https:\/\/canal7slp.tv\/2026\/wp-json\/wp\/v2\/posts\/188531\/revisions"}],"predecessor-version":[{"id":188578,"href":"https:\/\/canal7slp.tv\/2026\/wp-json\/wp\/v2\/posts\/188531\/revisions\/188578"}],"wp:featuredmedia":[{"embeddable":true,"href":"https:\/\/canal7slp.tv\/2026\/wp-json\/wp\/v2\/media\/188577"}],"wp:attachment":[{"href":"https:\/\/canal7slp.tv\/2026\/wp-json\/wp\/v2\/media?parent=188531"}],"wp:term":[{"taxonomy":"category","embeddable":true,"href":"https:\/\/canal7slp.tv\/2026\/wp-json\/wp\/v2\/categories?post=188531"},{"taxonomy":"post_tag","embeddable":true,"href":"https:\/\/canal7slp.tv\/2026\/wp-json\/wp\/v2\/tags?post=188531"}],"curies":[{"name":"wp","href":"https:\/\/api.w.org\/{rel}","templated":true}]}}