{"id":188469,"date":"2025-12-21T12:47:17","date_gmt":"2025-12-21T18:47:17","guid":{"rendered":"https:\/\/canal7slp.tv\/2026\/?p=188469"},"modified":"2025-12-21T12:47:17","modified_gmt":"2025-12-21T18:47:17","slug":"imss-refuerza-hospitales-rurales-de-michoacan-con-la-incorporacion-de-300-nuevos-profesionales-de-la-salud","status":"publish","type":"post","link":"https:\/\/canal7slp.tv\/2026\/imss-refuerza-hospitales-rurales-de-michoacan-con-la-incorporacion-de-300-nuevos-profesionales-de-la-salud\/","title":{"rendered":"IMSS refuerza hospitales rurales de Michoac\u00e1n con la incorporaci\u00f3n de 300 nuevos profesionales de la salud"},"content":{"rendered":"<p style=\"text-align: justify;\">\n<p style=\"text-align: justify;\">Morelia.- El Instituto Mexicano del Seguro Social (IMSS) anunci\u00f3 el fortalecimiento de Unidades M\u00e9dicas Familiares y hospitales en zonas rurales de Michoac\u00e1n, mediante la incorporaci\u00f3n de nuevo personal m\u00e9dico y de enfermer\u00eda, como parte de una estrategia para ampliar la cobertura y mejorar la atenci\u00f3n en el estado.<\/p>\n<p style=\"text-align: justify;\">El director general del IMSS, Zo\u00e9 Robledo Aburto, inform\u00f3 que esta acci\u00f3n forma parte del Plan Michoac\u00e1n por la Paz y la Justicia, implementado el pasado 9 de noviembre, el cual contempla 40 estrategias enfocadas en garantizar el derecho a la salud y mejorar los servicios m\u00e9dicos, especialmente en regiones con mayor rezago.<\/p>\n<p style=\"text-align: justify;\">Durante una ceremonia oficial se entregaron nombramientos y bases laborales a 300 trabajadoras y trabajadores de la salud, quienes se integraron de manera inmediata a distintas unidades m\u00e9dicas. Los refuerzos se distribuyeron en municipios como Paracho, Zamora, Buenavista, Coalcom\u00e1n, P\u00e1tzcuaro, Cotamo y Tuxpan, as\u00ed como en hospitales ubicados en Morelia, Camelinas, Charo, Uruapan, L\u00e1zaro C\u00e1rdenas y Zacapu.<\/p>\n<p style=\"text-align: justify;\">Del total de personal incorporado, 126 son mujeres y 143 hombres, pertenecientes a diversas especialidades, entre ellas anestesiolog\u00eda, cirug\u00eda, oncolog\u00eda, ginecolog\u00eda, neonatolog\u00eda, urgencias, terapia intensiva, medicina interna, pediatr\u00eda, trauma y ortopedia, con \u00e9nfasis en fortalecer hospitales de atenci\u00f3n rural.<\/p>\n<p style=\"text-align: justify;\">El gobernador de Michoac\u00e1n, Alfredo Ram\u00edrez Bedolla, agradeci\u00f3 el respaldo del Gobierno de M\u00e9xico y celebr\u00f3 la entrega de plazas definitivas al personal de salud, destacando su impacto en comunidades con mayores necesidades. Asimismo, reconoci\u00f3 el apoyo de la presidenta Claudia Sheinbaum, al se\u00f1alar que el Plan Michoac\u00e1n por la Paz y la Justicia refleja un compromiso con el bienestar, la seguridad y la salud de la poblaci\u00f3n michoacana, en particular en las zonas m\u00e1s vulnerables.<\/p>\n","protected":false},"excerpt":{"rendered":"<p>Morelia.- El Instituto Mexicano del Seguro Social (IMSS) anunci\u00f3 el fortalecimiento de Unidades M\u00e9dicas Familiares y hospitales en zonas rurales de Michoac\u00e1n, mediante la incorporaci\u00f3n de nuevo personal m\u00e9dico y de enfermer\u00eda, como parte de una estrategia para ampliar la cobertura y mejorar la atenci\u00f3n en el estado. El director general del IMSS, Zo\u00e9 Robledo Aburto, inform\u00f3 que esta acci\u00f3n forma parte del Plan Michoac\u00e1n por la Paz y la Justicia, implementado el pasado 9 de noviembre, el cual contempla 40 estrategias enfocadas en garantizar el derecho a la salud y mejorar los servicios m\u00e9dicos, especialmente en regiones con mayor [&hellip;]<\/p>\n","protected":false},"author":2,"featured_media":188470,"comment_status":"closed","ping_status":"closed","sticky":false,"template":"","format":"standard","meta":{"_monsterinsights_skip_tracking":false,"_monsterinsights_sitenote_active":false,"_monsterinsights_sitenote_note":"","_monsterinsights_sitenote_category":0,"footnotes":""},"categories":[46],"tags":[],"class_list":["post-188469","post","type-post","status-publish","format-standard","has-post-thumbnail","hentry","category-nacional","post--single"],"_links":{"self":[{"href":"https:\/\/canal7slp.tv\/2026\/wp-json\/wp\/v2\/posts\/188469","targetHints":{"allow":["GET"]}}],"collection":[{"href":"https:\/\/canal7slp.tv\/2026\/wp-json\/wp\/v2\/posts"}],"about":[{"href":"https:\/\/canal7slp.tv\/2026\/wp-json\/wp\/v2\/types\/post"}],"author":[{"embeddable":true,"href":"https:\/\/canal7slp.tv\/2026\/wp-json\/wp\/v2\/users\/2"}],"replies":[{"embeddable":true,"href":"https:\/\/canal7slp.tv\/2026\/wp-json\/wp\/v2\/comments?post=188469"}],"version-history":[{"count":1,"href":"https:\/\/canal7slp.tv\/2026\/wp-json\/wp\/v2\/posts\/188469\/revisions"}],"predecessor-version":[{"id":188471,"href":"https:\/\/canal7slp.tv\/2026\/wp-json\/wp\/v2\/posts\/188469\/revisions\/188471"}],"wp:featuredmedia":[{"embeddable":true,"href":"https:\/\/canal7slp.tv\/2026\/wp-json\/wp\/v2\/media\/188470"}],"wp:attachment":[{"href":"https:\/\/canal7slp.tv\/2026\/wp-json\/wp\/v2\/media?parent=188469"}],"wp:term":[{"taxonomy":"category","embeddable":true,"href":"https:\/\/canal7slp.tv\/2026\/wp-json\/wp\/v2\/categories?post=188469"},{"taxonomy":"post_tag","embeddable":true,"href":"https:\/\/canal7slp.tv\/2026\/wp-json\/wp\/v2\/tags?post=188469"}],"curies":[{"name":"wp","href":"https:\/\/api.w.org\/{rel}","templated":true}]}}