{"id":188449,"date":"2025-12-20T18:37:19","date_gmt":"2025-12-21T00:37:19","guid":{"rendered":"https:\/\/canal7slp.tv\/2026\/?p=188449"},"modified":"2025-12-20T18:37:19","modified_gmt":"2025-12-21T00:37:19","slug":"afirma-la-dirigente-estatal-del-pan-que-tienen-excelentes-candidatas-a-la-gubernatura","status":"publish","type":"post","link":"https:\/\/canal7slp.tv\/2026\/afirma-la-dirigente-estatal-del-pan-que-tienen-excelentes-candidatas-a-la-gubernatura\/","title":{"rendered":"Afirma la dirigente estatal del PAN que tienen excelentes candidatas a la gubernatura"},"content":{"rendered":"<p style=\"text-align: justify;\"><span style=\"font-size: 1.21429rem;\">SLP.- Al hablar sobre el tema de paridad de g\u00e9nero la presidenta del Comit\u00e9 Directivo Estatal del PAN Ver\u00f3nica Rodr\u00edguez Hern\u00e1ndez, afirm\u00f3 que su partido cuenta con los perfiles competitivos y de aceptaci\u00f3n ciudadana, para encabezar un proyecto serio y responsable rumbo a las elecciones a la gubernatura en el 2027.<\/span><\/p>\n<p style=\"text-align: justify;\">En este contexto, la senadora panista afirm\u00f3 que tras el relanzamiento nacional del PAN se fortalece el trabajo territorial pero tambi\u00e9n, dijo, se abren las puertas para definir candidaturas.<\/p>\n<p style=\"text-align: justify;\">Al se\u00f1alar algunos perfiles mujeres, ella misma entre los que mencion\u00f3, Ver\u00f3nica Rodr\u00edguez Hern\u00e1ndez reiter\u00f3 que Acci\u00f3n Nacional est\u00e1 listo para definir candidaturas a la gubernatura, pero sujeto a tiempos legales y a un an\u00e1lisis al interior del partido sobre su competitividad.<\/p>\n<p>Por: Claudio Ibarra<\/p>\n","protected":false},"excerpt":{"rendered":"<p>SLP.- Al hablar sobre el tema de paridad de g\u00e9nero la presidenta del Comit\u00e9 Directivo Estatal del PAN Ver\u00f3nica Rodr\u00edguez Hern\u00e1ndez, afirm\u00f3 que su partido cuenta con los perfiles competitivos y de aceptaci\u00f3n ciudadana, para encabezar un proyecto serio y responsable rumbo a las elecciones a la gubernatura en el 2027. En este contexto, la senadora panista afirm\u00f3 que tras el relanzamiento nacional del PAN se fortalece el trabajo territorial pero tambi\u00e9n, dijo, se abren las puertas para definir candidaturas. Al se\u00f1alar algunos perfiles mujeres, ella misma entre los que mencion\u00f3, Ver\u00f3nica Rodr\u00edguez Hern\u00e1ndez reiter\u00f3 que Acci\u00f3n Nacional est\u00e1 listo [&hellip;]<\/p>\n","protected":false},"author":2,"featured_media":188453,"comment_status":"closed","ping_status":"closed","sticky":false,"template":"","format":"video","meta":{"_monsterinsights_skip_tracking":false,"_monsterinsights_sitenote_active":false,"_monsterinsights_sitenote_note":"","_monsterinsights_sitenote_category":0,"footnotes":""},"categories":[5,45],"tags":[],"class_list":["post-188449","post","type-post","status-publish","format-video","has-post-thumbnail","hentry","category-destacadas","category-localesyregionales","post_format-post-format-video","post--single"],"_links":{"self":[{"href":"https:\/\/canal7slp.tv\/2026\/wp-json\/wp\/v2\/posts\/188449","targetHints":{"allow":["GET"]}}],"collection":[{"href":"https:\/\/canal7slp.tv\/2026\/wp-json\/wp\/v2\/posts"}],"about":[{"href":"https:\/\/canal7slp.tv\/2026\/wp-json\/wp\/v2\/types\/post"}],"author":[{"embeddable":true,"href":"https:\/\/canal7slp.tv\/2026\/wp-json\/wp\/v2\/users\/2"}],"replies":[{"embeddable":true,"href":"https:\/\/canal7slp.tv\/2026\/wp-json\/wp\/v2\/comments?post=188449"}],"version-history":[{"count":3,"href":"https:\/\/canal7slp.tv\/2026\/wp-json\/wp\/v2\/posts\/188449\/revisions"}],"predecessor-version":[{"id":188455,"href":"https:\/\/canal7slp.tv\/2026\/wp-json\/wp\/v2\/posts\/188449\/revisions\/188455"}],"wp:featuredmedia":[{"embeddable":true,"href":"https:\/\/canal7slp.tv\/2026\/wp-json\/wp\/v2\/media\/188453"}],"wp:attachment":[{"href":"https:\/\/canal7slp.tv\/2026\/wp-json\/wp\/v2\/media?parent=188449"}],"wp:term":[{"taxonomy":"category","embeddable":true,"href":"https:\/\/canal7slp.tv\/2026\/wp-json\/wp\/v2\/categories?post=188449"},{"taxonomy":"post_tag","embeddable":true,"href":"https:\/\/canal7slp.tv\/2026\/wp-json\/wp\/v2\/tags?post=188449"}],"curies":[{"name":"wp","href":"https:\/\/api.w.org\/{rel}","templated":true}]}}