{"id":188424,"date":"2025-12-20T14:27:17","date_gmt":"2025-12-20T20:27:17","guid":{"rendered":"https:\/\/canal7slp.tv\/2026\/?p=188424"},"modified":"2025-12-20T14:33:25","modified_gmt":"2025-12-20T20:33:25","slug":"inegi-oficializa-funciones-del-coneval-en-medicion-de-pobreza","status":"publish","type":"post","link":"https:\/\/canal7slp.tv\/2026\/inegi-oficializa-funciones-del-coneval-en-medicion-de-pobreza\/","title":{"rendered":"Inegi oficializa funciones del Coneval en medici\u00f3n de pobreza"},"content":{"rendered":"<p style=\"text-align: justify;\">M\u00e9xico.- El Instituto Nacional de Estad\u00edstica y Geograf\u00eda (Inegi) formaliz\u00f3 la incorporaci\u00f3n de las tareas de medici\u00f3n de la pobreza y evaluaci\u00f3n de la pol\u00edtica de desarrollo social a su estructura, tras la disoluci\u00f3n del Consejo Nacional de Evaluaci\u00f3n de la Pol\u00edtica de Desarrollo Social (Coneval). La decisi\u00f3n qued\u00f3 establecida mediante la creaci\u00f3n de la Direcci\u00f3n General de Evaluaci\u00f3n y Medici\u00f3n de Pobreza, de acuerdo con un acuerdo publicado en el Diario Oficial de la Federaci\u00f3n.<\/p>\n<p style=\"text-align: justify;\">La presidenta del Inegi, Graciela M\u00e1rquez, ya hab\u00eda adelantado en agosto que el instituto asumir\u00eda estas funciones mediante una unidad especializada. La nueva direcci\u00f3n integrar\u00e1 las atribuciones que anteriormente correspond\u00edan a la Direcci\u00f3n General Adjunta de Evaluaci\u00f3n Integral de la Pol\u00edtica de Desarrollo Social y a la Direcci\u00f3n General Adjunta de Medici\u00f3n de Pobreza.<\/p>\n<p style=\"text-align: justify;\">Entre sus responsabilidades se encuentran la coordinaci\u00f3n y supervisi\u00f3n de los procesos de evaluaci\u00f3n de la pol\u00edtica social y de medici\u00f3n de la pobreza, as\u00ed como la elaboraci\u00f3n de estudios e investigaciones en la materia. Tambi\u00e9n podr\u00e1 solicitar informaci\u00f3n a dependencias federales, gobiernos estatales y municipales, definir criterios t\u00e9cnicos y metodol\u00f3gicos para la identificaci\u00f3n y medici\u00f3n de la pobreza, y proponer lineamientos para evaluar de manera integral las pol\u00edticas de desarrollo social.<\/p>\n<p style=\"text-align: justify;\">Adem\u00e1s, la nueva direcci\u00f3n tendr\u00e1 facultades para coordinar consultas con los sectores p\u00fablico, social y privado, establecer mecanismos de aseguramiento de calidad para evaluadores externos y suscribir convenios con autoridades y organizaciones nacionales e internacionales. Asimismo, ser\u00e1 responsable de integrar el programa anual de evaluaci\u00f3n y los informes de resultados relacionados con la medici\u00f3n de la pobreza y el desempe\u00f1o de las pol\u00edticas sociales en el pa\u00eds.<\/p>\n","protected":false},"excerpt":{"rendered":"<p>M\u00e9xico.- El Instituto Nacional de Estad\u00edstica y Geograf\u00eda (Inegi) formaliz\u00f3 la incorporaci\u00f3n de las tareas de medici\u00f3n de la pobreza y evaluaci\u00f3n de la pol\u00edtica de desarrollo social a su estructura, tras la disoluci\u00f3n del Consejo Nacional de Evaluaci\u00f3n de la Pol\u00edtica de Desarrollo Social (Coneval). La decisi\u00f3n qued\u00f3 establecida mediante la creaci\u00f3n de la Direcci\u00f3n General de Evaluaci\u00f3n y Medici\u00f3n de Pobreza, de acuerdo con un acuerdo publicado en el Diario Oficial de la Federaci\u00f3n. La presidenta del Inegi, Graciela M\u00e1rquez, ya hab\u00eda adelantado en agosto que el instituto asumir\u00eda estas funciones mediante una unidad especializada. La nueva direcci\u00f3n [&hellip;]<\/p>\n","protected":false},"author":2,"featured_media":188425,"comment_status":"closed","ping_status":"closed","sticky":false,"template":"","format":"standard","meta":{"_monsterinsights_skip_tracking":false,"_monsterinsights_sitenote_active":false,"_monsterinsights_sitenote_note":"","_monsterinsights_sitenote_category":0,"footnotes":""},"categories":[40,46],"tags":[],"class_list":["post-188424","post","type-post","status-publish","format-standard","has-post-thumbnail","hentry","category-economia","category-nacional","post--single"],"_links":{"self":[{"href":"https:\/\/canal7slp.tv\/2026\/wp-json\/wp\/v2\/posts\/188424","targetHints":{"allow":["GET"]}}],"collection":[{"href":"https:\/\/canal7slp.tv\/2026\/wp-json\/wp\/v2\/posts"}],"about":[{"href":"https:\/\/canal7slp.tv\/2026\/wp-json\/wp\/v2\/types\/post"}],"author":[{"embeddable":true,"href":"https:\/\/canal7slp.tv\/2026\/wp-json\/wp\/v2\/users\/2"}],"replies":[{"embeddable":true,"href":"https:\/\/canal7slp.tv\/2026\/wp-json\/wp\/v2\/comments?post=188424"}],"version-history":[{"count":2,"href":"https:\/\/canal7slp.tv\/2026\/wp-json\/wp\/v2\/posts\/188424\/revisions"}],"predecessor-version":[{"id":188428,"href":"https:\/\/canal7slp.tv\/2026\/wp-json\/wp\/v2\/posts\/188424\/revisions\/188428"}],"wp:featuredmedia":[{"embeddable":true,"href":"https:\/\/canal7slp.tv\/2026\/wp-json\/wp\/v2\/media\/188425"}],"wp:attachment":[{"href":"https:\/\/canal7slp.tv\/2026\/wp-json\/wp\/v2\/media?parent=188424"}],"wp:term":[{"taxonomy":"category","embeddable":true,"href":"https:\/\/canal7slp.tv\/2026\/wp-json\/wp\/v2\/categories?post=188424"},{"taxonomy":"post_tag","embeddable":true,"href":"https:\/\/canal7slp.tv\/2026\/wp-json\/wp\/v2\/tags?post=188424"}],"curies":[{"name":"wp","href":"https:\/\/api.w.org\/{rel}","templated":true}]}}