{"id":188416,"date":"2025-12-20T13:31:51","date_gmt":"2025-12-20T19:31:51","guid":{"rendered":"https:\/\/canal7slp.tv\/2026\/?p=188416"},"modified":"2025-12-20T13:34:05","modified_gmt":"2025-12-20T19:34:05","slug":"ue-da-marcha-atras-a-prohibicion-de-autos-de-combustion-en-2035","status":"publish","type":"post","link":"https:\/\/canal7slp.tv\/2026\/ue-da-marcha-atras-a-prohibicion-de-autos-de-combustion-en-2035\/","title":{"rendered":"UE da marcha atr\u00e1s a prohibici\u00f3n de autos de combusti\u00f3n en 2035"},"content":{"rendered":"<p style=\"text-align: justify;\">Bruselas.- La Comisi\u00f3n Europea propuso eliminar la prohibici\u00f3n de comercializar veh\u00edculos con motores de combusti\u00f3n interna a partir de 2035, una medida que previsiblemente ser\u00e1 avalada tanto por los gobiernos de los pa\u00edses miembros como por el Parlamento Europeo.<\/p>\n<p style=\"text-align: justify;\">La decisi\u00f3n responde a la presi\u00f3n ejercida por la industria automotriz y, en particular, por pa\u00edses como Alemania e Italia, que han advertido sobre las dificultades t\u00e9cnicas y econ\u00f3micas de electrificar por completo sus flotas en un periodo tan reducido.<\/p>\n<p style=\"text-align: justify;\">El nuevo planteamiento mantiene los objetivos clim\u00e1ticos, pero introduce mayor flexibilidad.<\/p>\n<p style=\"text-align: justify;\">Bajo este esquema, los veh\u00edculos con motores de combusti\u00f3n deber\u00e1n reducir sus emisiones contaminantes hasta solo el 10% de los niveles permitidos en 2021.<\/p>\n<p style=\"text-align: justify;\">Para alcanzar esta meta, los fabricantes estar\u00e1n obligados a emplear acero de bajo contenido de carbono producido en Europa, as\u00ed como combustibles sint\u00e9ticos o biocombustibles no alimentarios.<\/p>\n<p style=\"text-align: justify;\">Adem\u00e1s, se fij\u00f3 como objetivo que entre 2030 y 2032 las emisiones de CO\u2082 se reduzcan en 55% respecto a 2021.<\/p>\n<p style=\"text-align: justify;\">A pesar de estas medidas, la industria automotriz enfrenta desaf\u00edos significativos debido a la creciente competencia de veh\u00edculos el\u00e9ctricos m\u00e1s asequibles provenientes de China, as\u00ed como a la baja demanda de autos el\u00e9ctricos en Europa.<\/p>\n<p style=\"text-align: justify;\">Las ventas de modelos el\u00e9ctricos han sido inferiores a lo esperado en varios pa\u00edses, lo que ha llevado a los fabricantes a considerar plataformas h\u00edbridas como una soluci\u00f3n viable para cumplir con las nuevas regulaciones.<\/p>\n<p style=\"text-align: justify;\">El contexto actual sugiere que la industria automotriz europea est\u00e1 en una encrucijada, donde la necesidad de adaptarse a las exigencias medioambientales se enfrenta a la realidad del mercado y las preferencias de los consumidores.<\/p>\n","protected":false},"excerpt":{"rendered":"<p>Bruselas.- La Comisi\u00f3n Europea propuso eliminar la prohibici\u00f3n de comercializar veh\u00edculos con motores de combusti\u00f3n interna a partir de 2035, una medida que previsiblemente ser\u00e1 avalada tanto por los gobiernos de los pa\u00edses miembros como por el Parlamento Europeo. La decisi\u00f3n responde a la presi\u00f3n ejercida por la industria automotriz y, en particular, por pa\u00edses como Alemania e Italia, que han advertido sobre las dificultades t\u00e9cnicas y econ\u00f3micas de electrificar por completo sus flotas en un periodo tan reducido. El nuevo planteamiento mantiene los objetivos clim\u00e1ticos, pero introduce mayor flexibilidad. Bajo este esquema, los veh\u00edculos con motores de combusti\u00f3n deber\u00e1n [&hellip;]<\/p>\n","protected":false},"author":2,"featured_media":188417,"comment_status":"closed","ping_status":"closed","sticky":false,"template":"","format":"standard","meta":{"_monsterinsights_skip_tracking":false,"_monsterinsights_sitenote_active":false,"_monsterinsights_sitenote_note":"","_monsterinsights_sitenote_category":0,"footnotes":""},"categories":[40,44],"tags":[],"class_list":["post-188416","post","type-post","status-publish","format-standard","has-post-thumbnail","hentry","category-economia","category-internacional","post--single"],"_links":{"self":[{"href":"https:\/\/canal7slp.tv\/2026\/wp-json\/wp\/v2\/posts\/188416","targetHints":{"allow":["GET"]}}],"collection":[{"href":"https:\/\/canal7slp.tv\/2026\/wp-json\/wp\/v2\/posts"}],"about":[{"href":"https:\/\/canal7slp.tv\/2026\/wp-json\/wp\/v2\/types\/post"}],"author":[{"embeddable":true,"href":"https:\/\/canal7slp.tv\/2026\/wp-json\/wp\/v2\/users\/2"}],"replies":[{"embeddable":true,"href":"https:\/\/canal7slp.tv\/2026\/wp-json\/wp\/v2\/comments?post=188416"}],"version-history":[{"count":3,"href":"https:\/\/canal7slp.tv\/2026\/wp-json\/wp\/v2\/posts\/188416\/revisions"}],"predecessor-version":[{"id":188419,"href":"https:\/\/canal7slp.tv\/2026\/wp-json\/wp\/v2\/posts\/188416\/revisions\/188419"}],"wp:featuredmedia":[{"embeddable":true,"href":"https:\/\/canal7slp.tv\/2026\/wp-json\/wp\/v2\/media\/188417"}],"wp:attachment":[{"href":"https:\/\/canal7slp.tv\/2026\/wp-json\/wp\/v2\/media?parent=188416"}],"wp:term":[{"taxonomy":"category","embeddable":true,"href":"https:\/\/canal7slp.tv\/2026\/wp-json\/wp\/v2\/categories?post=188416"},{"taxonomy":"post_tag","embeddable":true,"href":"https:\/\/canal7slp.tv\/2026\/wp-json\/wp\/v2\/tags?post=188416"}],"curies":[{"name":"wp","href":"https:\/\/api.w.org\/{rel}","templated":true}]}}