{"id":188384,"date":"2025-12-19T18:48:21","date_gmt":"2025-12-20T00:48:21","guid":{"rendered":"https:\/\/canal7slp.tv\/2026\/?p=188384"},"modified":"2025-12-19T18:48:21","modified_gmt":"2025-12-20T00:48:21","slug":"aderiac-reporto-baja-contratacion-de-personal-en-el-ano-2025-para-el-pais-la-cifra-es-menor-al-1","status":"publish","type":"post","link":"https:\/\/canal7slp.tv\/2026\/aderiac-reporto-baja-contratacion-de-personal-en-el-ano-2025-para-el-pais-la-cifra-es-menor-al-1\/","title":{"rendered":"ADERIAC report\u00f3 baja contrataci\u00f3n de personal en el a\u00f1o 2025 para el pa\u00eds, la cifra es menor al 1%"},"content":{"rendered":"<p style=\"text-align: justify;\">SLP.- En el a\u00f1o 2025, las cifras del Instituto Mexicano del Seguro Social marcan que se tuvo un crecimiento del 1% en la contrataci\u00f3n de personal a nivel nacional afirm\u00f3 el presidente de la Asociaci\u00f3n de Ejecutivos de la Gesti\u00f3n del Talento Humano, Daniel Escobedo Uribe.<\/p>\n<p style=\"text-align: justify;\">\u201cEl crecimiento de la empleabilidad y esto con n\u00famero del Instituto Mexicano del Seguro Social, pues ven\u00eda alrededor de cada a\u00f1o del 2%, este a\u00f1o yo creo que va a ser menor del 1% (\u2026) creemos que va a ser el primer a\u00f1o que no se va a tener un crecimiento como se ven\u00eda teniendo en los a\u00f1os anteriores\u201d.<\/p>\n<p style=\"text-align: justify;\">El panorama internacional no ha sido el mejor para nuestro pa\u00eds y es por ello el bajo crecimiento en este rubro.<\/p>\n<p style=\"text-align: justify;\">\u201cDebido precisamente a esta contracci\u00f3n econ\u00f3mica global que se est\u00e1 teniendo\u201d.<\/p>\n<p style=\"text-align: justify;\">El vecino del norte, los Estados Unidos de Am\u00e9rica, son uno de los principales factores para la desaceleraci\u00f3n del pa\u00eds.<\/p>\n<p style=\"text-align: justify;\">\u201cDonald Trump el siguiente a\u00f1o est\u00e1 esperando empezar con el TMEC, seguramente nos va a tener sorpresas y presiones en enero para que cuando lleguemos a la negociaci\u00f3n del TMEC, \u00e9l tenga una cierta ventaja\u201d.<\/p>\n<p>Por: Juan Carlos Contreras<\/p>\n","protected":false},"excerpt":{"rendered":"<p>SLP.- En el a\u00f1o 2025, las cifras del Instituto Mexicano del Seguro Social marcan que se tuvo un crecimiento del 1% en la contrataci\u00f3n de personal a nivel nacional afirm\u00f3 el presidente de la Asociaci\u00f3n de Ejecutivos de la Gesti\u00f3n del Talento Humano, Daniel Escobedo Uribe. \u201cEl crecimiento de la empleabilidad y esto con n\u00famero del Instituto Mexicano del Seguro Social, pues ven\u00eda alrededor de cada a\u00f1o del 2%, este a\u00f1o yo creo que va a ser menor del 1% (\u2026) creemos que va a ser el primer a\u00f1o que no se va a tener un crecimiento como se ven\u00eda [&hellip;]<\/p>\n","protected":false},"author":2,"featured_media":188395,"comment_status":"closed","ping_status":"closed","sticky":false,"template":"","format":"video","meta":{"_monsterinsights_skip_tracking":false,"_monsterinsights_sitenote_active":false,"_monsterinsights_sitenote_note":"","_monsterinsights_sitenote_category":0,"footnotes":""},"categories":[5,45],"tags":[],"class_list":["post-188384","post","type-post","status-publish","format-video","has-post-thumbnail","hentry","category-destacadas","category-localesyregionales","post_format-post-format-video","post--single"],"_links":{"self":[{"href":"https:\/\/canal7slp.tv\/2026\/wp-json\/wp\/v2\/posts\/188384","targetHints":{"allow":["GET"]}}],"collection":[{"href":"https:\/\/canal7slp.tv\/2026\/wp-json\/wp\/v2\/posts"}],"about":[{"href":"https:\/\/canal7slp.tv\/2026\/wp-json\/wp\/v2\/types\/post"}],"author":[{"embeddable":true,"href":"https:\/\/canal7slp.tv\/2026\/wp-json\/wp\/v2\/users\/2"}],"replies":[{"embeddable":true,"href":"https:\/\/canal7slp.tv\/2026\/wp-json\/wp\/v2\/comments?post=188384"}],"version-history":[{"count":3,"href":"https:\/\/canal7slp.tv\/2026\/wp-json\/wp\/v2\/posts\/188384\/revisions"}],"predecessor-version":[{"id":188396,"href":"https:\/\/canal7slp.tv\/2026\/wp-json\/wp\/v2\/posts\/188384\/revisions\/188396"}],"wp:featuredmedia":[{"embeddable":true,"href":"https:\/\/canal7slp.tv\/2026\/wp-json\/wp\/v2\/media\/188395"}],"wp:attachment":[{"href":"https:\/\/canal7slp.tv\/2026\/wp-json\/wp\/v2\/media?parent=188384"}],"wp:term":[{"taxonomy":"category","embeddable":true,"href":"https:\/\/canal7slp.tv\/2026\/wp-json\/wp\/v2\/categories?post=188384"},{"taxonomy":"post_tag","embeddable":true,"href":"https:\/\/canal7slp.tv\/2026\/wp-json\/wp\/v2\/tags?post=188384"}],"curies":[{"name":"wp","href":"https:\/\/api.w.org\/{rel}","templated":true}]}}