{"id":188376,"date":"2025-12-19T17:41:24","date_gmt":"2025-12-19T23:41:24","guid":{"rendered":"https:\/\/canal7slp.tv\/2026\/?p=188376"},"modified":"2025-12-19T17:41:24","modified_gmt":"2025-12-19T23:41:24","slug":"fgr-acusa-a-excolaboradora-de-garcia-luna-por-delincuencia-organizada","status":"publish","type":"post","link":"https:\/\/canal7slp.tv\/2026\/fgr-acusa-a-excolaboradora-de-garcia-luna-por-delincuencia-organizada\/","title":{"rendered":"FGR acusa a excolaboradora de Garc\u00eda Luna por delincuencia organizada"},"content":{"rendered":"<p style=\"text-align: justify;\">M\u00e9xico.- La Fiscal\u00eda General de la Rep\u00fablica (FGR) present\u00f3 una acusaci\u00f3n formal contra Mar\u00eda Vanesa Pedraza Madrid, excolaboradora del exsecretario de Seguridad P\u00fablica Genaro Garc\u00eda Luna, por su presunta participaci\u00f3n en los delitos de operaciones con recursos de procedencia il\u00edcita y delincuencia organizada. Actualmente, Pedraza Madrid permanece en prisi\u00f3n preventiva en el penal federal femenil de Morelos, por determinaci\u00f3n de una jueza de control.<\/p>\n<p style=\"text-align: justify;\">La jueza del Centro de Justicia Penal Federal, Mar\u00eda Jazm\u00edn Ambriz, resolver\u00e1 el pr\u00f3ximo mi\u00e9rcoles si la exfuncionaria es vinculada a proceso. La defensa solicit\u00f3 la ampliaci\u00f3n del plazo constitucional de 72 a 144 horas para que se defina su situaci\u00f3n jur\u00eddica, petici\u00f3n que fue concedida.<\/p>\n<p style=\"text-align: justify;\">De acuerdo con la FGR, Pedraza Madrid fue detenida en la alcald\u00eda Benito Ju\u00e1rez, en la Ciudad de M\u00e9xico, por elementos de la Agencia de Investigaci\u00f3n Criminal, quienes cumplimentaron una orden de aprehensi\u00f3n girada en su contra. Las investigaciones de la Fiscal\u00eda Especializada en Materia de Delincuencia Organizada la se\u00f1alan como presunta apoderada legal de la empresa Nunvav, Inc., utilizada, seg\u00fan las indagatorias, para canalizar recursos de origen il\u00edcito al sistema financiero.<\/p>\n<p style=\"text-align: justify;\">Asimismo, se le atribuye el desv\u00edo de recursos p\u00fablicos provenientes del extinto Organismo Administrativo Desconcentrado de Prevenci\u00f3n y Readaptaci\u00f3n Social de la Secretar\u00eda de Gobernaci\u00f3n, as\u00ed como de la Tesorer\u00eda de la Federaci\u00f3n, presuntamente en beneficio de Genaro Garc\u00eda Luna y de integrantes de su familia.<\/p>\n","protected":false},"excerpt":{"rendered":"<p>M\u00e9xico.- La Fiscal\u00eda General de la Rep\u00fablica (FGR) present\u00f3 una acusaci\u00f3n formal contra Mar\u00eda Vanesa Pedraza Madrid, excolaboradora del exsecretario de Seguridad P\u00fablica Genaro Garc\u00eda Luna, por su presunta participaci\u00f3n en los delitos de operaciones con recursos de procedencia il\u00edcita y delincuencia organizada. Actualmente, Pedraza Madrid permanece en prisi\u00f3n preventiva en el penal federal femenil de Morelos, por determinaci\u00f3n de una jueza de control. La jueza del Centro de Justicia Penal Federal, Mar\u00eda Jazm\u00edn Ambriz, resolver\u00e1 el pr\u00f3ximo mi\u00e9rcoles si la exfuncionaria es vinculada a proceso. La defensa solicit\u00f3 la ampliaci\u00f3n del plazo constitucional de 72 a 144 horas para [&hellip;]<\/p>\n","protected":false},"author":2,"featured_media":188377,"comment_status":"closed","ping_status":"closed","sticky":false,"template":"","format":"standard","meta":{"_monsterinsights_skip_tracking":false,"_monsterinsights_sitenote_active":false,"_monsterinsights_sitenote_note":"","_monsterinsights_sitenote_category":0,"footnotes":""},"categories":[1],"tags":[],"class_list":["post-188376","post","type-post","status-publish","format-standard","has-post-thumbnail","hentry","category-uncategorized","post--single"],"_links":{"self":[{"href":"https:\/\/canal7slp.tv\/2026\/wp-json\/wp\/v2\/posts\/188376","targetHints":{"allow":["GET"]}}],"collection":[{"href":"https:\/\/canal7slp.tv\/2026\/wp-json\/wp\/v2\/posts"}],"about":[{"href":"https:\/\/canal7slp.tv\/2026\/wp-json\/wp\/v2\/types\/post"}],"author":[{"embeddable":true,"href":"https:\/\/canal7slp.tv\/2026\/wp-json\/wp\/v2\/users\/2"}],"replies":[{"embeddable":true,"href":"https:\/\/canal7slp.tv\/2026\/wp-json\/wp\/v2\/comments?post=188376"}],"version-history":[{"count":1,"href":"https:\/\/canal7slp.tv\/2026\/wp-json\/wp\/v2\/posts\/188376\/revisions"}],"predecessor-version":[{"id":188378,"href":"https:\/\/canal7slp.tv\/2026\/wp-json\/wp\/v2\/posts\/188376\/revisions\/188378"}],"wp:featuredmedia":[{"embeddable":true,"href":"https:\/\/canal7slp.tv\/2026\/wp-json\/wp\/v2\/media\/188377"}],"wp:attachment":[{"href":"https:\/\/canal7slp.tv\/2026\/wp-json\/wp\/v2\/media?parent=188376"}],"wp:term":[{"taxonomy":"category","embeddable":true,"href":"https:\/\/canal7slp.tv\/2026\/wp-json\/wp\/v2\/categories?post=188376"},{"taxonomy":"post_tag","embeddable":true,"href":"https:\/\/canal7slp.tv\/2026\/wp-json\/wp\/v2\/tags?post=188376"}],"curies":[{"name":"wp","href":"https:\/\/api.w.org\/{rel}","templated":true}]}}