{"id":188371,"date":"2025-12-19T17:15:26","date_gmt":"2025-12-19T23:15:26","guid":{"rendered":"https:\/\/canal7slp.tv\/2026\/?p=188371"},"modified":"2025-12-19T17:15:26","modified_gmt":"2025-12-19T23:15:26","slug":"descarta-navarro-muniz-instalacion-de-retenes-antialcohol-en-soledad","status":"publish","type":"post","link":"https:\/\/canal7slp.tv\/2026\/descarta-navarro-muniz-instalacion-de-retenes-antialcohol-en-soledad\/","title":{"rendered":"Descarta Navarro Mu\u00f1iz instalaci\u00f3n de retenes antialcohol en Soledad"},"content":{"rendered":"<ul>\n<li style=\"text-align: justify;\">Insiste que se priorizan campa\u00f1as preventivas.<\/li>\n<\/ul>\n<p style=\"text-align: justify;\">SGS.-\u00a0Durante el actual periodo vacacional de invierno, el municipio de Soledad de Graciano S\u00e1nchez no instalar\u00e1 retenes antialcohol.<\/p>\n<p style=\"text-align: justify;\">De acuerdo con el alcalde, Juan Manuel Navarro Mu\u00f1iz, se mantendr\u00e1 una estrategia enfocada en la prevenci\u00f3n y la concientizaci\u00f3n ciudadana, sin medidas de car\u00e1cter recaudatorio ni operativos de revisi\u00f3n masiva.<\/p>\n<p style=\"text-align: justify;\">Record\u00f3 que se defini\u00f3 no aplicar este tipo de operativos para priorizar campa\u00f1as informativas dirigidas a reducir riesgos viales asociados al consumo de alcohol.<\/p>\n<p style=\"text-align: justify;\">\u00abNo de ninguna manera, lo dijimos al inicio del mes de diciembre, somos preventivos y no vamos a hacer operativos antialcohol, no vamos a poner ning\u00fan ret\u00e9n en Soledad. Son campa\u00f1as de prevenci\u00f3n nada m\u00e1s, de disuasi\u00f3n, de invitar a la gente a que si toma no maneje\u00bb, dijo<\/p>\n<p style=\"text-align: justify;\">Explic\u00f3 que, en caso de detectarse a alg\u00fan conductor bajo los efectos del alcohol se privilegiar\u00e1 una salida preventiva antes que una sanci\u00f3n.<\/p>\n<p style=\"text-align: justify;\">\u00abTambi\u00e9n lo hemos se\u00f1alado, si por ah\u00ed sorprenden alg\u00fan conductor en alguna vialidad sin ret\u00e9n de por medio bueno pues se le va a dar las facilidades para que hable alg\u00fan familiar y lo lleve a su casa y lo conduzca, lo lleve con bien, sin tema recaudatorio, eso es lo que queremos nosotros\u00bb, insisti\u00f3.<\/p>\n<p style=\"text-align: justify;\">De esa manera, Navarro Mu\u00f1iz hizo un llamado a la responsabilidad individual como eje central de la estrategia municipal durante las celebraciones decembrinas.<\/p>\n<p style=\"text-align: justify;\">\u00abHacer llamado a la conciencia de la gente de Soledad de que si toma no maneje, es la frase tan trillada que tenemos de hace muchos a\u00f1os, pero la verdad es una realidad; si hay que tomar pues no maneje, pero ning\u00fan ret\u00e9n en Soledad vamos a instalar en estas fechas\u00bb, sostuvo.<\/p>\n<p style=\"text-align: justify;\">Por: Jos\u00e9 Luis V\u00e1zquez<\/p>\n","protected":false},"excerpt":{"rendered":"<p>Insiste que se priorizan campa\u00f1as preventivas. SGS.-\u00a0Durante el actual periodo vacacional de invierno, el municipio de Soledad de Graciano S\u00e1nchez no instalar\u00e1 retenes antialcohol. De acuerdo con el alcalde, Juan Manuel Navarro Mu\u00f1iz, se mantendr\u00e1 una estrategia enfocada en la prevenci\u00f3n y la concientizaci\u00f3n ciudadana, sin medidas de car\u00e1cter recaudatorio ni operativos de revisi\u00f3n masiva. Record\u00f3 que se defini\u00f3 no aplicar este tipo de operativos para priorizar campa\u00f1as informativas dirigidas a reducir riesgos viales asociados al consumo de alcohol. \u00abNo de ninguna manera, lo dijimos al inicio del mes de diciembre, somos preventivos y no vamos a hacer operativos antialcohol, [&hellip;]<\/p>\n","protected":false},"author":2,"featured_media":188373,"comment_status":"closed","ping_status":"closed","sticky":false,"template":"","format":"video","meta":{"_monsterinsights_skip_tracking":false,"_monsterinsights_sitenote_active":false,"_monsterinsights_sitenote_note":"","_monsterinsights_sitenote_category":0,"footnotes":""},"categories":[512,5,45],"tags":[],"class_list":["post-188371","post","type-post","status-publish","format-video","has-post-thumbnail","hentry","category-ayosgs","category-destacadas","category-localesyregionales","post_format-post-format-video","post--single"],"_links":{"self":[{"href":"https:\/\/canal7slp.tv\/2026\/wp-json\/wp\/v2\/posts\/188371","targetHints":{"allow":["GET"]}}],"collection":[{"href":"https:\/\/canal7slp.tv\/2026\/wp-json\/wp\/v2\/posts"}],"about":[{"href":"https:\/\/canal7slp.tv\/2026\/wp-json\/wp\/v2\/types\/post"}],"author":[{"embeddable":true,"href":"https:\/\/canal7slp.tv\/2026\/wp-json\/wp\/v2\/users\/2"}],"replies":[{"embeddable":true,"href":"https:\/\/canal7slp.tv\/2026\/wp-json\/wp\/v2\/comments?post=188371"}],"version-history":[{"count":2,"href":"https:\/\/canal7slp.tv\/2026\/wp-json\/wp\/v2\/posts\/188371\/revisions"}],"predecessor-version":[{"id":188375,"href":"https:\/\/canal7slp.tv\/2026\/wp-json\/wp\/v2\/posts\/188371\/revisions\/188375"}],"wp:featuredmedia":[{"embeddable":true,"href":"https:\/\/canal7slp.tv\/2026\/wp-json\/wp\/v2\/media\/188373"}],"wp:attachment":[{"href":"https:\/\/canal7slp.tv\/2026\/wp-json\/wp\/v2\/media?parent=188371"}],"wp:term":[{"taxonomy":"category","embeddable":true,"href":"https:\/\/canal7slp.tv\/2026\/wp-json\/wp\/v2\/categories?post=188371"},{"taxonomy":"post_tag","embeddable":true,"href":"https:\/\/canal7slp.tv\/2026\/wp-json\/wp\/v2\/tags?post=188371"}],"curies":[{"name":"wp","href":"https:\/\/api.w.org\/{rel}","templated":true}]}}