{"id":188356,"date":"2025-12-19T16:38:08","date_gmt":"2025-12-19T22:38:08","guid":{"rendered":"https:\/\/canal7slp.tv\/2026\/?p=188356"},"modified":"2025-12-19T16:38:08","modified_gmt":"2025-12-19T22:38:08","slug":"scjn-confirma-adeudo-fiscal-de-51-mil-mdp-de-grupo-salinas-al-sat","status":"publish","type":"post","link":"https:\/\/canal7slp.tv\/2026\/scjn-confirma-adeudo-fiscal-de-51-mil-mdp-de-grupo-salinas-al-sat\/","title":{"rendered":"SCJN confirma adeudo fiscal de 51 mil mdp de Grupo Salinas al SAT"},"content":{"rendered":"<p style=\"text-align: justify;\">M\u00e9xico.- El Servicio de Administraci\u00f3n Tributaria (SAT) inform\u00f3 que, tras la resoluci\u00f3n definitiva de la Suprema Corte de Justicia de la Naci\u00f3n (SCJN), emitir\u00e1 en enero de 2026 un requerimiento formal de pago por 51 mil millones de pesos al Grupo Salinas.<\/p>\n<p style=\"text-align: justify;\">El monto deriva de cr\u00e9ditos fiscales determinados entre 2013 y 2018, periodo en el que la autoridad detect\u00f3 que diversas empresas del conglomerado aplicaron de manera indebida p\u00e9rdidas fiscales para el pago del Impuesto sobre la Renta correspondiente a los ejercicios de 2008 a 2013.<\/p>\n<p style=\"text-align: justify;\">El titular del SAT, Antonio Mart\u00ednez Dagnino, explic\u00f3 que las resoluciones fueron impugnadas por las empresas involucradas; sin embargo, el Tribunal Federal de Justicia Administrativa confirm\u00f3 la validez de los cr\u00e9ditos fiscales entre 2019 y 2023.<\/p>\n<p style=\"text-align: justify;\">Posteriormente, tribunales colegiados negaron los amparos promovidos en 2024 y 2025, dejando firmes las determinaciones de la autoridad fiscal.<\/p>\n<p style=\"text-align: justify;\">Mart\u00ednez Dagnino se\u00f1al\u00f3 que la legislaci\u00f3n vigente permite a los contribuyentes solicitar ajustes de hasta 39% en el monto a pagar, dependiendo del esquema y del orden de pago que se adopte.<\/p>\n<p style=\"text-align: justify;\">Record\u00f3 adem\u00e1s que, conforme al art\u00edculo 31 de la Constituci\u00f3n, todas las personas y empresas est\u00e1n obligadas a contribuir a los gastos p\u00fablicos de manera proporcional y equitativa.<\/p>\n<p style=\"text-align: justify;\">Por su parte, la presidenta Claudia Sheinbaum subray\u00f3 que el caso tiene un car\u00e1cter estrictamente legal y administrativo, y descart\u00f3 que se trate de un asunto pol\u00edtico.<\/p>\n<p style=\"text-align: justify;\">Indic\u00f3 que, en caso de incumplimiento, se activar\u00edan los procedimientos previstos en la ley, y solicit\u00f3 a la Secretar\u00eda de Hacienda y al SAT mantener informada a la opini\u00f3n p\u00fablica sobre el desarrollo del proceso.<\/p>\n","protected":false},"excerpt":{"rendered":"<p>M\u00e9xico.- El Servicio de Administraci\u00f3n Tributaria (SAT) inform\u00f3 que, tras la resoluci\u00f3n definitiva de la Suprema Corte de Justicia de la Naci\u00f3n (SCJN), emitir\u00e1 en enero de 2026 un requerimiento formal de pago por 51 mil millones de pesos al Grupo Salinas. El monto deriva de cr\u00e9ditos fiscales determinados entre 2013 y 2018, periodo en el que la autoridad detect\u00f3 que diversas empresas del conglomerado aplicaron de manera indebida p\u00e9rdidas fiscales para el pago del Impuesto sobre la Renta correspondiente a los ejercicios de 2008 a 2013. El titular del SAT, Antonio Mart\u00ednez Dagnino, explic\u00f3 que las resoluciones fueron impugnadas [&hellip;]<\/p>\n","protected":false},"author":2,"featured_media":188357,"comment_status":"closed","ping_status":"closed","sticky":false,"template":"","format":"standard","meta":{"_monsterinsights_skip_tracking":false,"_monsterinsights_sitenote_active":false,"_monsterinsights_sitenote_note":"","_monsterinsights_sitenote_category":0,"footnotes":""},"categories":[46],"tags":[],"class_list":["post-188356","post","type-post","status-publish","format-standard","has-post-thumbnail","hentry","category-nacional","post--single"],"_links":{"self":[{"href":"https:\/\/canal7slp.tv\/2026\/wp-json\/wp\/v2\/posts\/188356","targetHints":{"allow":["GET"]}}],"collection":[{"href":"https:\/\/canal7slp.tv\/2026\/wp-json\/wp\/v2\/posts"}],"about":[{"href":"https:\/\/canal7slp.tv\/2026\/wp-json\/wp\/v2\/types\/post"}],"author":[{"embeddable":true,"href":"https:\/\/canal7slp.tv\/2026\/wp-json\/wp\/v2\/users\/2"}],"replies":[{"embeddable":true,"href":"https:\/\/canal7slp.tv\/2026\/wp-json\/wp\/v2\/comments?post=188356"}],"version-history":[{"count":1,"href":"https:\/\/canal7slp.tv\/2026\/wp-json\/wp\/v2\/posts\/188356\/revisions"}],"predecessor-version":[{"id":188358,"href":"https:\/\/canal7slp.tv\/2026\/wp-json\/wp\/v2\/posts\/188356\/revisions\/188358"}],"wp:featuredmedia":[{"embeddable":true,"href":"https:\/\/canal7slp.tv\/2026\/wp-json\/wp\/v2\/media\/188357"}],"wp:attachment":[{"href":"https:\/\/canal7slp.tv\/2026\/wp-json\/wp\/v2\/media?parent=188356"}],"wp:term":[{"taxonomy":"category","embeddable":true,"href":"https:\/\/canal7slp.tv\/2026\/wp-json\/wp\/v2\/categories?post=188356"},{"taxonomy":"post_tag","embeddable":true,"href":"https:\/\/canal7slp.tv\/2026\/wp-json\/wp\/v2\/tags?post=188356"}],"curies":[{"name":"wp","href":"https:\/\/api.w.org\/{rel}","templated":true}]}}