{"id":188334,"date":"2025-12-19T14:55:50","date_gmt":"2025-12-19T20:55:50","guid":{"rendered":"https:\/\/canal7slp.tv\/2026\/?p=188334"},"modified":"2025-12-19T14:55:50","modified_gmt":"2025-12-19T20:55:50","slug":"mas-de-145-mil-mexicanos-repatriados-desde-que-trump-asumio-su-segundo-mandato","status":"publish","type":"post","link":"https:\/\/canal7slp.tv\/2026\/mas-de-145-mil-mexicanos-repatriados-desde-que-trump-asumio-su-segundo-mandato\/","title":{"rendered":"M\u00e1s de 145 mil mexicanos repatriados desde que Trump asumi\u00f3 su segundo mandato"},"content":{"rendered":"<p style=\"text-align: justify;\">M\u00e9xico.- En el marco del D\u00eda Internacional del Migrante, la secretaria de Gobernaci\u00f3n, Rosa Icela Rodr\u00edguez, inform\u00f3 que 145 mil 537 mexicanos fueron repatriados desde Estados Unidos entre el 20 de enero y el 17 de diciembre, periodo correspondiente a la administraci\u00f3n del presidente estadounidense Donald Trump. Todas las personas retornadas recibieron atenci\u00f3n a trav\u00e9s del programa \u201cM\u00e9xico Te Abraza\u201d, dise\u00f1ado para garantizar una recepci\u00f3n digna y con respeto a los derechos humanos.<\/p>\n<p style=\"text-align: justify;\">La funcionaria explic\u00f3 que este programa busca brindar atenci\u00f3n integral a los connacionales repatriados, mediante alojamiento temporal, orientaci\u00f3n, apoyo para su traslado a las comunidades de origen y acompa\u00f1amiento institucional. Para su operaci\u00f3n, participan 34 dependencias del Gobierno de M\u00e9xico, que coordinan acciones en \u00e1reas como salud, bienestar, empleo, educaci\u00f3n e inclusi\u00f3n financiera.<\/p>\n<p style=\"text-align: justify;\">De acuerdo con el informe, 116 mil 116 personas fueron repatriadas por v\u00eda terrestre, mientras que 29 mil 381 regresaron por v\u00eda a\u00e9rea. Octubre fue el mes con el mayor n\u00famero de retornos, principalmente por cruces terrestres, mientras que en agosto se registr\u00f3 un incremento en las repatriaciones a\u00e9reas hacia los aeropuertos de Villahermosa, Tapachula y el Aeropuerto Internacional Felipe \u00c1ngeles.<\/p>\n<p style=\"text-align: justify;\">El gobierno federal habilit\u00f3 nueve centros de atenci\u00f3n en estados fronterizos del norte, como Baja California, Sonora, Chihuahua, Coahuila y Tamaulipas, as\u00ed como en el sur del pa\u00eds. Desde el 1 de noviembre, estos espacios han contado con una capacidad conjunta de hasta mil 800 personas diarias, aunque algunos operan actualmente con aforos reducidos. En total, 99 mil 924 repatriados ingresaron a estos centros, mientras que 45 mil 613 optaron por no hacerlo, aunque recibieron alimentaci\u00f3n, acceso a llamadas telef\u00f3nicas, orientaci\u00f3n jur\u00eddica y apoyo para su traslado.<\/p>\n<p style=\"text-align: justify;\">Durante este periodo se otorgaron m\u00e1s de 846 mil servicios, entre ellos 292 mil raciones de alimentos calientes, 24 mil 300 atenciones m\u00e9dicas y 8 mil apoyos psicol\u00f3gicos. A trav\u00e9s del DIF nacional tambi\u00e9n se brind\u00f3 acompa\u00f1amiento a n\u00facleos familiares y atenci\u00f3n especializada a m\u00e1s de ocho mil mujeres, principalmente en temas de salud y violencia.<\/p>\n<p style=\"text-align: justify;\">Asimismo, la Secretar\u00eda de Gobernaci\u00f3n inform\u00f3 que m\u00e1s de 90 mil repatriados fueron afiliados al IMSS, lo que garantiza acceso a servicios m\u00e9dicos tanto para ellos como para sus beneficiarios legales. Adem\u00e1s, el Instituto Nacional de Migraci\u00f3n realiz\u00f3 el traslado de m\u00e1s de 98 mil connacionales a sus estados de origen.<\/p>\n","protected":false},"excerpt":{"rendered":"<p>M\u00e9xico.- En el marco del D\u00eda Internacional del Migrante, la secretaria de Gobernaci\u00f3n, Rosa Icela Rodr\u00edguez, inform\u00f3 que 145 mil 537 mexicanos fueron repatriados desde Estados Unidos entre el 20 de enero y el 17 de diciembre, periodo correspondiente a la administraci\u00f3n del presidente estadounidense Donald Trump. Todas las personas retornadas recibieron atenci\u00f3n a trav\u00e9s del programa \u201cM\u00e9xico Te Abraza\u201d, dise\u00f1ado para garantizar una recepci\u00f3n digna y con respeto a los derechos humanos. La funcionaria explic\u00f3 que este programa busca brindar atenci\u00f3n integral a los connacionales repatriados, mediante alojamiento temporal, orientaci\u00f3n, apoyo para su traslado a las comunidades de origen [&hellip;]<\/p>\n","protected":false},"author":2,"featured_media":188335,"comment_status":"closed","ping_status":"closed","sticky":false,"template":"","format":"standard","meta":{"_monsterinsights_skip_tracking":false,"_monsterinsights_sitenote_active":false,"_monsterinsights_sitenote_note":"","_monsterinsights_sitenote_category":0,"footnotes":""},"categories":[46],"tags":[],"class_list":["post-188334","post","type-post","status-publish","format-standard","has-post-thumbnail","hentry","category-nacional","post--single"],"_links":{"self":[{"href":"https:\/\/canal7slp.tv\/2026\/wp-json\/wp\/v2\/posts\/188334","targetHints":{"allow":["GET"]}}],"collection":[{"href":"https:\/\/canal7slp.tv\/2026\/wp-json\/wp\/v2\/posts"}],"about":[{"href":"https:\/\/canal7slp.tv\/2026\/wp-json\/wp\/v2\/types\/post"}],"author":[{"embeddable":true,"href":"https:\/\/canal7slp.tv\/2026\/wp-json\/wp\/v2\/users\/2"}],"replies":[{"embeddable":true,"href":"https:\/\/canal7slp.tv\/2026\/wp-json\/wp\/v2\/comments?post=188334"}],"version-history":[{"count":2,"href":"https:\/\/canal7slp.tv\/2026\/wp-json\/wp\/v2\/posts\/188334\/revisions"}],"predecessor-version":[{"id":188337,"href":"https:\/\/canal7slp.tv\/2026\/wp-json\/wp\/v2\/posts\/188334\/revisions\/188337"}],"wp:featuredmedia":[{"embeddable":true,"href":"https:\/\/canal7slp.tv\/2026\/wp-json\/wp\/v2\/media\/188335"}],"wp:attachment":[{"href":"https:\/\/canal7slp.tv\/2026\/wp-json\/wp\/v2\/media?parent=188334"}],"wp:term":[{"taxonomy":"category","embeddable":true,"href":"https:\/\/canal7slp.tv\/2026\/wp-json\/wp\/v2\/categories?post=188334"},{"taxonomy":"post_tag","embeddable":true,"href":"https:\/\/canal7slp.tv\/2026\/wp-json\/wp\/v2\/tags?post=188334"}],"curies":[{"name":"wp","href":"https:\/\/api.w.org\/{rel}","templated":true}]}}