{"id":188328,"date":"2025-12-19T14:12:42","date_gmt":"2025-12-19T20:12:42","guid":{"rendered":"https:\/\/canal7slp.tv\/2026\/?p=188328"},"modified":"2025-12-19T14:12:42","modified_gmt":"2025-12-19T20:12:42","slug":"ssa-garantiza-abasto-de-medicamentos-para-2026","status":"publish","type":"post","link":"https:\/\/canal7slp.tv\/2026\/ssa-garantiza-abasto-de-medicamentos-para-2026\/","title":{"rendered":"SSa garantiza abasto de medicamentos para 2026"},"content":{"rendered":"<p style=\"text-align: justify;\">M\u00e9xico.- El subsecretario de Integraci\u00f3n y Desarrollo de la Secretar\u00eda de Salud, Eduardo Clark, asegur\u00f3 que el abasto de medicamentos est\u00e1 garantizado para el pr\u00f3ximo a\u00f1o, al tiempo que confirm\u00f3 que el proceso de compra consolidada para el periodo 2027-2028 ya se encontraba en marcha, con la previsi\u00f3n de anunciar las primeras adjudicaciones en mayo de 2026.<\/p>\n<p style=\"text-align: justify;\">Clark explic\u00f3 que los f\u00e1rmacos e insumos derivados de esta compra comenzar\u00edan a recibirse a partir de enero de 2027, con el objetivo de evitar interrupciones en el suministro a las instituciones del sector salud. En cuanto a la compra complementaria reciente, detall\u00f3 que se intent\u00f3 adquirir mil 26 claves, aunque el proceso enfrent\u00f3 problemas por sobreprecios y falta de documentaci\u00f3n.<\/p>\n<p style=\"text-align: justify;\">Precis\u00f3 que alrededor de 800 claves podr\u00edan concretarse este mismo mes o, a m\u00e1s tardar, en enero de 2026. No obstante, 140 claves no recibieron ninguna propuesta, lo que represent\u00f3 aproximadamente el 1% del total de piezas previstas.<\/p>\n<p style=\"text-align: justify;\">El subsecretario tambi\u00e9n inform\u00f3 que alrededor de diez empresas proveedoras estaban bajo investigaci\u00f3n por parte de la Secretar\u00eda Anticorrupci\u00f3n y Buen Gobierno, debido a incumplimientos en la entrega de medicamentos. Se\u00f1al\u00f3 que, por tratarse de procesos legales en curso, no se pod\u00edan dar detalles adicionales, y aclar\u00f3 que cualquier inhabilitaci\u00f3n solo podr\u00eda iniciar una vez rescindidos formalmente los contratos.<\/p>\n<p style=\"text-align: justify;\">Finalmente, Clark cuestion\u00f3 las pr\u00e1cticas comerciales de la industria farmac\u00e9utica, al se\u00f1alar que algunas empresas suelen ganar licitaciones sin contar con la capacidad inmediata de cumplimiento, confiando posteriormente en encontrar soluciones para cubrir los compromisos adquiridos.<\/p>\n","protected":false},"excerpt":{"rendered":"<p>M\u00e9xico.- El subsecretario de Integraci\u00f3n y Desarrollo de la Secretar\u00eda de Salud, Eduardo Clark, asegur\u00f3 que el abasto de medicamentos est\u00e1 garantizado para el pr\u00f3ximo a\u00f1o, al tiempo que confirm\u00f3 que el proceso de compra consolidada para el periodo 2027-2028 ya se encontraba en marcha, con la previsi\u00f3n de anunciar las primeras adjudicaciones en mayo de 2026. Clark explic\u00f3 que los f\u00e1rmacos e insumos derivados de esta compra comenzar\u00edan a recibirse a partir de enero de 2027, con el objetivo de evitar interrupciones en el suministro a las instituciones del sector salud. En cuanto a la compra complementaria reciente, detall\u00f3 [&hellip;]<\/p>\n","protected":false},"author":2,"featured_media":188329,"comment_status":"closed","ping_status":"closed","sticky":false,"template":"","format":"standard","meta":{"_monsterinsights_skip_tracking":false,"_monsterinsights_sitenote_active":false,"_monsterinsights_sitenote_note":"","_monsterinsights_sitenote_category":0,"footnotes":""},"categories":[46],"tags":[],"class_list":["post-188328","post","type-post","status-publish","format-standard","has-post-thumbnail","hentry","category-nacional","post--single"],"_links":{"self":[{"href":"https:\/\/canal7slp.tv\/2026\/wp-json\/wp\/v2\/posts\/188328","targetHints":{"allow":["GET"]}}],"collection":[{"href":"https:\/\/canal7slp.tv\/2026\/wp-json\/wp\/v2\/posts"}],"about":[{"href":"https:\/\/canal7slp.tv\/2026\/wp-json\/wp\/v2\/types\/post"}],"author":[{"embeddable":true,"href":"https:\/\/canal7slp.tv\/2026\/wp-json\/wp\/v2\/users\/2"}],"replies":[{"embeddable":true,"href":"https:\/\/canal7slp.tv\/2026\/wp-json\/wp\/v2\/comments?post=188328"}],"version-history":[{"count":1,"href":"https:\/\/canal7slp.tv\/2026\/wp-json\/wp\/v2\/posts\/188328\/revisions"}],"predecessor-version":[{"id":188330,"href":"https:\/\/canal7slp.tv\/2026\/wp-json\/wp\/v2\/posts\/188328\/revisions\/188330"}],"wp:featuredmedia":[{"embeddable":true,"href":"https:\/\/canal7slp.tv\/2026\/wp-json\/wp\/v2\/media\/188329"}],"wp:attachment":[{"href":"https:\/\/canal7slp.tv\/2026\/wp-json\/wp\/v2\/media?parent=188328"}],"wp:term":[{"taxonomy":"category","embeddable":true,"href":"https:\/\/canal7slp.tv\/2026\/wp-json\/wp\/v2\/categories?post=188328"},{"taxonomy":"post_tag","embeddable":true,"href":"https:\/\/canal7slp.tv\/2026\/wp-json\/wp\/v2\/tags?post=188328"}],"curies":[{"name":"wp","href":"https:\/\/api.w.org\/{rel}","templated":true}]}}