{"id":188277,"date":"2025-12-18T18:12:38","date_gmt":"2025-12-19T00:12:38","guid":{"rendered":"https:\/\/canal7slp.tv\/2026\/?p=188277"},"modified":"2025-12-18T18:12:38","modified_gmt":"2025-12-19T00:12:38","slug":"alza-de-productos-y-servicios-afectara-bolsillo-de-la-poblacion-arquidiocesis","status":"publish","type":"post","link":"https:\/\/canal7slp.tv\/2026\/alza-de-productos-y-servicios-afectara-bolsillo-de-la-poblacion-arquidiocesis\/","title":{"rendered":"Alza de productos y servicios afectar\u00e1 bolsillo de la poblaci\u00f3n: Arquidi\u00f3cesis"},"content":{"rendered":"<p style=\"text-align: justify;\">SLP:- A\u00f1o con a\u00f1o los bolsillos de la poblaci\u00f3n se ven trastocados por alzas en costo de productos o servicios, asegur\u00f3, el vocero de la Arquidi\u00f3cesis de San Luis Potos\u00ed, Tom\u00e1s Cruz Perales.<\/p>\n<p style=\"text-align: justify;\">\u201cYo creo que aqu\u00ed la sociedad y sobre todo los usuarios son los que tendr\u00edan que haber, o estar se\u00f1alando sobre todo (\u2026) o sea, obviamente hay que tener en cuenta lo que esto repercute en el bolsillo de las familias\u201d.<\/p>\n<p style=\"text-align: justify;\">Un caso alarmante es el de la posibilidad de un incremento en el costo de la tarifa del transporte p\u00fablico que ya en el a\u00f1o 2025 sufri\u00f3 un alza y en 2026 se podr\u00eda repetir ser la misma situaci\u00f3n.<\/p>\n<p style=\"text-align: justify;\">\u201cPues nosotros sabemos verdad, el traslado y de lo que implica todos los d\u00edas, ma\u00f1ana, tarde, salir regresar, pues esto eleva mucho los costos\u201d.<\/p>\n<p style=\"text-align: justify;\">El aumento en costos de productos de la canasta b\u00e1sica es otra de las variantes contra la ciudadan\u00eda.<\/p>\n<p style=\"text-align: justify;\">\u201cHoy tambi\u00e9n en el bolsillo de las personas se encarece para solventar todo ese tipo de gastos, empezando por la canasta b\u00e1sica (\u2026) que esta inflaci\u00f3n deje de afectar a las familias y a los m\u00e1s afectados\u201d.<\/p>\n<p style=\"text-align: justify;\">Marc\u00f3 como una situaci\u00f3n seria las condiciones econ\u00f3micas negativas.<\/p>\n<p style=\"text-align: justify;\">\u201cDonde hay estas injusticias estructurales por las cuales quien m\u00e1s tiene, m\u00e1s recibe y quien menos posee cada vez queda m\u00e1s empobrecido, una situaci\u00f3n que podemos deducir y se\u00f1alar que eso es a lo que lleva las circunstancias que estamos padeciendo\u201d.<\/p>\n<p style=\"text-align: justify;\">En el tema del precio del servicio de abasto de agua se aprob\u00f3 un alza en las tarifas de Interapas del 3.8% en cobro dom\u00e9stico popular y del 6.6% en el tema comercial e industrial, a lo que el vocero coment\u00f3 que se tiene un correcto servicio en m\u00faltiples colonias.<\/p>\n<p>Por: Juan Carlos Contreras<\/p>\n","protected":false},"excerpt":{"rendered":"<p>SLP:- A\u00f1o con a\u00f1o los bolsillos de la poblaci\u00f3n se ven trastocados por alzas en costo de productos o servicios, asegur\u00f3, el vocero de la Arquidi\u00f3cesis de San Luis Potos\u00ed, Tom\u00e1s Cruz Perales. \u201cYo creo que aqu\u00ed la sociedad y sobre todo los usuarios son los que tendr\u00edan que haber, o estar se\u00f1alando sobre todo (\u2026) o sea, obviamente hay que tener en cuenta lo que esto repercute en el bolsillo de las familias\u201d. Un caso alarmante es el de la posibilidad de un incremento en el costo de la tarifa del transporte p\u00fablico que ya en el a\u00f1o 2025 [&hellip;]<\/p>\n","protected":false},"author":2,"featured_media":188279,"comment_status":"closed","ping_status":"closed","sticky":false,"template":"","format":"video","meta":{"_monsterinsights_skip_tracking":false,"_monsterinsights_sitenote_active":false,"_monsterinsights_sitenote_note":"","_monsterinsights_sitenote_category":0,"footnotes":""},"categories":[5,45],"tags":[],"class_list":["post-188277","post","type-post","status-publish","format-video","has-post-thumbnail","hentry","category-destacadas","category-localesyregionales","post_format-post-format-video","post--single"],"_links":{"self":[{"href":"https:\/\/canal7slp.tv\/2026\/wp-json\/wp\/v2\/posts\/188277","targetHints":{"allow":["GET"]}}],"collection":[{"href":"https:\/\/canal7slp.tv\/2026\/wp-json\/wp\/v2\/posts"}],"about":[{"href":"https:\/\/canal7slp.tv\/2026\/wp-json\/wp\/v2\/types\/post"}],"author":[{"embeddable":true,"href":"https:\/\/canal7slp.tv\/2026\/wp-json\/wp\/v2\/users\/2"}],"replies":[{"embeddable":true,"href":"https:\/\/canal7slp.tv\/2026\/wp-json\/wp\/v2\/comments?post=188277"}],"version-history":[{"count":1,"href":"https:\/\/canal7slp.tv\/2026\/wp-json\/wp\/v2\/posts\/188277\/revisions"}],"predecessor-version":[{"id":188280,"href":"https:\/\/canal7slp.tv\/2026\/wp-json\/wp\/v2\/posts\/188277\/revisions\/188280"}],"wp:featuredmedia":[{"embeddable":true,"href":"https:\/\/canal7slp.tv\/2026\/wp-json\/wp\/v2\/media\/188279"}],"wp:attachment":[{"href":"https:\/\/canal7slp.tv\/2026\/wp-json\/wp\/v2\/media?parent=188277"}],"wp:term":[{"taxonomy":"category","embeddable":true,"href":"https:\/\/canal7slp.tv\/2026\/wp-json\/wp\/v2\/categories?post=188277"},{"taxonomy":"post_tag","embeddable":true,"href":"https:\/\/canal7slp.tv\/2026\/wp-json\/wp\/v2\/tags?post=188277"}],"curies":[{"name":"wp","href":"https:\/\/api.w.org\/{rel}","templated":true}]}}