{"id":188269,"date":"2025-12-18T17:34:09","date_gmt":"2025-12-18T23:34:09","guid":{"rendered":"https:\/\/canal7slp.tv\/2026\/?p=188269"},"modified":"2025-12-18T17:34:09","modified_gmt":"2025-12-18T23:34:09","slug":"comerciante-de-zona-centro-senalo-a-cierres-por-grabacion-de-peliculas-como-causa-de-bajas-ventas","status":"publish","type":"post","link":"https:\/\/canal7slp.tv\/2026\/comerciante-de-zona-centro-senalo-a-cierres-por-grabacion-de-peliculas-como-causa-de-bajas-ventas\/","title":{"rendered":"Comerciante de zona centro se\u00f1al\u00f3 a cierres por grabaci\u00f3n de pel\u00edculas como causa de bajas ventas"},"content":{"rendered":"<p style=\"text-align: justify;\">SLP.- Grabaciones de serie documental en la zona centro de San Luis Potos\u00ed, han bajado las ventas de comercios establecidos en el primer cuadro de la ciudad y sus alrededores, asever\u00f3 el comerciante, Gerardo Bernal Cabello.<\/p>\n<p style=\"text-align: justify;\">\u201cCon esto de bloquear las calles, con esto de las pel\u00edculas y todo, realmente al que vienen a afectar es a los comerciantes que somos nosotros\u201d.<\/p>\n<p style=\"text-align: justify;\">Asegur\u00f3 que se tiene mucha incertidumbre por la grabaci\u00f3n de este tipo de materiales en la zona centro.<\/p>\n<p style=\"text-align: justify;\">\u201cEstamos esperando diciembre para que nos den mejores ventas y nos llegan a hacer esto, estamos fritos nosotros aqu\u00ed en el centro\u201d.<\/p>\n<p style=\"text-align: justify;\">Se\u00f1al\u00f3 desconocer la cantidad de d\u00edas que se han colocado los equipos de grabaci\u00f3n.<\/p>\n<p style=\"text-align: justify;\">\u201cYo nada m\u00e1s he visto este d\u00eda porque yo estoy adentro y a penas este d\u00eda lo vi que se pusieron aqu\u00ed enfrente\u201d.<\/p>\n<p style=\"text-align: justify;\">Culp\u00f3 a las autoridades municipal y estatal del desorden ocasionado.<\/p>\n<p style=\"text-align: justify;\">\u201c\u00bfEl presidente municipal recibe billetes por esto o el gobernador?, yo no s\u00e9 qu\u00e9 privilegios gozan estos se\u00f1ores del presidente y el gobernador para permitir estas cosas\u201d.<\/p>\n<p style=\"text-align: justify;\">Reiter\u00f3 que a la grabaci\u00f3n de films ha propiciado ventas flojas.<\/p>\n<p style=\"text-align: justify;\">\u201cImpacta demasiado, si t\u00fa ves la calle est\u00e1 desierta, peor que un d\u00eda normal\u201d.<\/p>\n<p style=\"text-align: justify;\">Por: Juan Carlos Contreras<\/p>\n","protected":false},"excerpt":{"rendered":"<p>SLP.- Grabaciones de serie documental en la zona centro de San Luis Potos\u00ed, han bajado las ventas de comercios establecidos en el primer cuadro de la ciudad y sus alrededores, asever\u00f3 el comerciante, Gerardo Bernal Cabello. \u201cCon esto de bloquear las calles, con esto de las pel\u00edculas y todo, realmente al que vienen a afectar es a los comerciantes que somos nosotros\u201d. Asegur\u00f3 que se tiene mucha incertidumbre por la grabaci\u00f3n de este tipo de materiales en la zona centro. \u201cEstamos esperando diciembre para que nos den mejores ventas y nos llegan a hacer esto, estamos fritos nosotros aqu\u00ed en [&hellip;]<\/p>\n","protected":false},"author":2,"featured_media":188271,"comment_status":"closed","ping_status":"closed","sticky":false,"template":"","format":"video","meta":{"_monsterinsights_skip_tracking":false,"_monsterinsights_sitenote_active":false,"_monsterinsights_sitenote_note":"","_monsterinsights_sitenote_category":0,"footnotes":""},"categories":[5,45],"tags":[],"class_list":["post-188269","post","type-post","status-publish","format-video","has-post-thumbnail","hentry","category-destacadas","category-localesyregionales","post_format-post-format-video","post--single"],"_links":{"self":[{"href":"https:\/\/canal7slp.tv\/2026\/wp-json\/wp\/v2\/posts\/188269","targetHints":{"allow":["GET"]}}],"collection":[{"href":"https:\/\/canal7slp.tv\/2026\/wp-json\/wp\/v2\/posts"}],"about":[{"href":"https:\/\/canal7slp.tv\/2026\/wp-json\/wp\/v2\/types\/post"}],"author":[{"embeddable":true,"href":"https:\/\/canal7slp.tv\/2026\/wp-json\/wp\/v2\/users\/2"}],"replies":[{"embeddable":true,"href":"https:\/\/canal7slp.tv\/2026\/wp-json\/wp\/v2\/comments?post=188269"}],"version-history":[{"count":1,"href":"https:\/\/canal7slp.tv\/2026\/wp-json\/wp\/v2\/posts\/188269\/revisions"}],"predecessor-version":[{"id":188272,"href":"https:\/\/canal7slp.tv\/2026\/wp-json\/wp\/v2\/posts\/188269\/revisions\/188272"}],"wp:featuredmedia":[{"embeddable":true,"href":"https:\/\/canal7slp.tv\/2026\/wp-json\/wp\/v2\/media\/188271"}],"wp:attachment":[{"href":"https:\/\/canal7slp.tv\/2026\/wp-json\/wp\/v2\/media?parent=188269"}],"wp:term":[{"taxonomy":"category","embeddable":true,"href":"https:\/\/canal7slp.tv\/2026\/wp-json\/wp\/v2\/categories?post=188269"},{"taxonomy":"post_tag","embeddable":true,"href":"https:\/\/canal7slp.tv\/2026\/wp-json\/wp\/v2\/tags?post=188269"}],"curies":[{"name":"wp","href":"https:\/\/api.w.org\/{rel}","templated":true}]}}