{"id":188255,"date":"2025-12-18T16:50:49","date_gmt":"2025-12-18T22:50:49","guid":{"rendered":"https:\/\/canal7slp.tv\/2026\/?p=188255"},"modified":"2025-12-18T16:50:49","modified_gmt":"2025-12-18T22:50:49","slug":"ebrard-confia-en-continuidad-del-t-mec-tras-revision-de-2026","status":"publish","type":"post","link":"https:\/\/canal7slp.tv\/2026\/ebrard-confia-en-continuidad-del-t-mec-tras-revision-de-2026\/","title":{"rendered":"Ebrard conf\u00eda en continuidad del T-MEC tras revisi\u00f3n de 2026"},"content":{"rendered":"<p style=\"text-align: justify;\">M\u00e9xico.- El secretario de Econom\u00eda, Marcelo Ebrard, expres\u00f3 confianza en que el Tratado entre M\u00e9xico, Estados Unidos y Canad\u00e1 (T-MEC) se mantendr\u00e1 vigente tras la revisi\u00f3n prevista para 2026, y consider\u00f3 que este proceso podr\u00eda representar nuevas oportunidades para M\u00e9xico.<\/p>\n<p style=\"text-align: justify;\">Asimismo, se\u00f1al\u00f3 que hacia julio de 2026 se espera contar con mayor claridad sobre la intenci\u00f3n de los tres pa\u00edses de renovar el acuerdo comercial. Reconoci\u00f3 que, aunque en un inicio el panorama era poco alentador, actualmente M\u00e9xico se encuentra en una posici\u00f3n m\u00e1s favorable frente a otros socios comerciales de Estados Unidos.<\/p>\n<p style=\"text-align: justify;\">No obstante, advirti\u00f3 que el contexto pol\u00edtico en Estados Unidos podr\u00eda influir en el proceso, ya que 2026 ser\u00e1 un a\u00f1o electoral, lo que podr\u00eda limitar la disposici\u00f3n para abrir discusiones profundas sobre el tratado. En ese sentido, anticip\u00f3 que la revisi\u00f3n ser\u00e1 acotada y estrat\u00e9gica, enfocada en preservar y fortalecer el acuerdo, m\u00e1s que en introducir modificaciones de fondo.<\/p>\n<p style=\"text-align: justify;\">Ebrard concluy\u00f3 que los indicios apuntan a una revisi\u00f3n temprana, con el objetivo de consolidar la integraci\u00f3n econ\u00f3mica entre M\u00e9xico, Estados Unidos y Canad\u00e1 en los pr\u00f3ximos a\u00f1os.<\/p>\n","protected":false},"excerpt":{"rendered":"<p>M\u00e9xico.- El secretario de Econom\u00eda, Marcelo Ebrard, expres\u00f3 confianza en que el Tratado entre M\u00e9xico, Estados Unidos y Canad\u00e1 (T-MEC) se mantendr\u00e1 vigente tras la revisi\u00f3n prevista para 2026, y consider\u00f3 que este proceso podr\u00eda representar nuevas oportunidades para M\u00e9xico. Asimismo, se\u00f1al\u00f3 que hacia julio de 2026 se espera contar con mayor claridad sobre la intenci\u00f3n de los tres pa\u00edses de renovar el acuerdo comercial. Reconoci\u00f3 que, aunque en un inicio el panorama era poco alentador, actualmente M\u00e9xico se encuentra en una posici\u00f3n m\u00e1s favorable frente a otros socios comerciales de Estados Unidos. No obstante, advirti\u00f3 que el contexto pol\u00edtico [&hellip;]<\/p>\n","protected":false},"author":2,"featured_media":188256,"comment_status":"closed","ping_status":"closed","sticky":false,"template":"","format":"standard","meta":{"_monsterinsights_skip_tracking":false,"_monsterinsights_sitenote_active":false,"_monsterinsights_sitenote_note":"","_monsterinsights_sitenote_category":0,"footnotes":""},"categories":[40,46],"tags":[],"class_list":["post-188255","post","type-post","status-publish","format-standard","has-post-thumbnail","hentry","category-economia","category-nacional","post--single"],"_links":{"self":[{"href":"https:\/\/canal7slp.tv\/2026\/wp-json\/wp\/v2\/posts\/188255","targetHints":{"allow":["GET"]}}],"collection":[{"href":"https:\/\/canal7slp.tv\/2026\/wp-json\/wp\/v2\/posts"}],"about":[{"href":"https:\/\/canal7slp.tv\/2026\/wp-json\/wp\/v2\/types\/post"}],"author":[{"embeddable":true,"href":"https:\/\/canal7slp.tv\/2026\/wp-json\/wp\/v2\/users\/2"}],"replies":[{"embeddable":true,"href":"https:\/\/canal7slp.tv\/2026\/wp-json\/wp\/v2\/comments?post=188255"}],"version-history":[{"count":1,"href":"https:\/\/canal7slp.tv\/2026\/wp-json\/wp\/v2\/posts\/188255\/revisions"}],"predecessor-version":[{"id":188257,"href":"https:\/\/canal7slp.tv\/2026\/wp-json\/wp\/v2\/posts\/188255\/revisions\/188257"}],"wp:featuredmedia":[{"embeddable":true,"href":"https:\/\/canal7slp.tv\/2026\/wp-json\/wp\/v2\/media\/188256"}],"wp:attachment":[{"href":"https:\/\/canal7slp.tv\/2026\/wp-json\/wp\/v2\/media?parent=188255"}],"wp:term":[{"taxonomy":"category","embeddable":true,"href":"https:\/\/canal7slp.tv\/2026\/wp-json\/wp\/v2\/categories?post=188255"},{"taxonomy":"post_tag","embeddable":true,"href":"https:\/\/canal7slp.tv\/2026\/wp-json\/wp\/v2\/tags?post=188255"}],"curies":[{"name":"wp","href":"https:\/\/api.w.org\/{rel}","templated":true}]}}