{"id":188251,"date":"2025-12-18T16:34:40","date_gmt":"2025-12-18T22:34:40","guid":{"rendered":"https:\/\/canal7slp.tv\/2026\/?p=188251"},"modified":"2025-12-18T16:34:40","modified_gmt":"2025-12-18T22:34:40","slug":"agricultores-chocan-con-policia-en-bruselas-por-acuerdo-ue-mercosur","status":"publish","type":"post","link":"https:\/\/canal7slp.tv\/2026\/agricultores-chocan-con-policia-en-bruselas-por-acuerdo-ue-mercosur\/","title":{"rendered":"Agricultores chocan con polic\u00eda en Bruselas por acuerdo UE-Mercosur"},"content":{"rendered":"<p style=\"text-align: justify;\">Bruselas.- Este jueves, la Polic\u00eda Federal belga disolvi\u00f3 una manifestaci\u00f3n de agricultores en el barrio europeo de Bruselas, luego de que se registraran ataques a edificios y enfrentamientos violentos entre manifestantes y agentes, hechos que dejaron una persona con heridas graves.<\/p>\n<p style=\"text-align: justify;\">La movilizaci\u00f3n fue convocada para expresar el rechazo al acuerdo comercial entre la Uni\u00f3n Europea y Mercosur, cuya firma est\u00e1 prevista para el pr\u00f3ximo s\u00e1bado, as\u00ed como a la propuesta presupuestaria comunitaria que contempla recortes en ayudas regionales y agr\u00edcolas.<\/p>\n<p style=\"text-align: justify;\">Alrededor de las 14:00 horas locales, los agricultores arribaron con decenas de tractores a la plaza de Luxemburgo, frente al Parlamento Europeo, donde incendiaron neum\u00e1ticos, generando una densa columna de humo negro. Durante la protesta, algunos manifestantes lanzaron piedras y material pirot\u00e9cnico contra la Estaci\u00f3n Europa y otros edificios cercanos, provocando da\u00f1os en ventanales.<\/p>\n<p style=\"text-align: justify;\">Ante la escalada de violencia, las fuerzas de seguridad realizaron cargas policiales para dispersar la concentraci\u00f3n y establecieron un cord\u00f3n de seguridad alrededor del Parlamento Europeo. En el transcurso de los disturbios, un hombre sufri\u00f3 una grave lesi\u00f3n en la cabeza, sin que se confirmara si se trataba de un manifestante o un periodista. Las autoridades no reportaron detenciones.<\/p>\n<p style=\"text-align: justify;\">Como medida preventiva, instituciones europeas reubicaron a su personal y recomendaron evitar la zona afectada. De acuerdo con la polic\u00eda, la protesta reuni\u00f3 a unos 7 mil 300 agricultores y 950 tractores, lo que tambi\u00e9n provoc\u00f3 cortes viales y afectaciones al transporte p\u00fablico en la capital belga.<\/p>\n<p style=\"text-align: justify;\">Finalmente, la marcha que ten\u00eda como destino la plaza de Luxemburgo fue redirigida tras la intervenci\u00f3n policial, con lo que se dio por concluida la movilizaci\u00f3n.<\/p>\n","protected":false},"excerpt":{"rendered":"<p>Bruselas.- Este jueves, la Polic\u00eda Federal belga disolvi\u00f3 una manifestaci\u00f3n de agricultores en el barrio europeo de Bruselas, luego de que se registraran ataques a edificios y enfrentamientos violentos entre manifestantes y agentes, hechos que dejaron una persona con heridas graves. La movilizaci\u00f3n fue convocada para expresar el rechazo al acuerdo comercial entre la Uni\u00f3n Europea y Mercosur, cuya firma est\u00e1 prevista para el pr\u00f3ximo s\u00e1bado, as\u00ed como a la propuesta presupuestaria comunitaria que contempla recortes en ayudas regionales y agr\u00edcolas. Alrededor de las 14:00 horas locales, los agricultores arribaron con decenas de tractores a la plaza de Luxemburgo, frente [&hellip;]<\/p>\n","protected":false},"author":2,"featured_media":188252,"comment_status":"closed","ping_status":"closed","sticky":false,"template":"","format":"standard","meta":{"_monsterinsights_skip_tracking":false,"_monsterinsights_sitenote_active":false,"_monsterinsights_sitenote_note":"","_monsterinsights_sitenote_category":0,"footnotes":""},"categories":[44],"tags":[],"class_list":["post-188251","post","type-post","status-publish","format-standard","has-post-thumbnail","hentry","category-internacional","post--single"],"_links":{"self":[{"href":"https:\/\/canal7slp.tv\/2026\/wp-json\/wp\/v2\/posts\/188251","targetHints":{"allow":["GET"]}}],"collection":[{"href":"https:\/\/canal7slp.tv\/2026\/wp-json\/wp\/v2\/posts"}],"about":[{"href":"https:\/\/canal7slp.tv\/2026\/wp-json\/wp\/v2\/types\/post"}],"author":[{"embeddable":true,"href":"https:\/\/canal7slp.tv\/2026\/wp-json\/wp\/v2\/users\/2"}],"replies":[{"embeddable":true,"href":"https:\/\/canal7slp.tv\/2026\/wp-json\/wp\/v2\/comments?post=188251"}],"version-history":[{"count":2,"href":"https:\/\/canal7slp.tv\/2026\/wp-json\/wp\/v2\/posts\/188251\/revisions"}],"predecessor-version":[{"id":188254,"href":"https:\/\/canal7slp.tv\/2026\/wp-json\/wp\/v2\/posts\/188251\/revisions\/188254"}],"wp:featuredmedia":[{"embeddable":true,"href":"https:\/\/canal7slp.tv\/2026\/wp-json\/wp\/v2\/media\/188252"}],"wp:attachment":[{"href":"https:\/\/canal7slp.tv\/2026\/wp-json\/wp\/v2\/media?parent=188251"}],"wp:term":[{"taxonomy":"category","embeddable":true,"href":"https:\/\/canal7slp.tv\/2026\/wp-json\/wp\/v2\/categories?post=188251"},{"taxonomy":"post_tag","embeddable":true,"href":"https:\/\/canal7slp.tv\/2026\/wp-json\/wp\/v2\/tags?post=188251"}],"curies":[{"name":"wp","href":"https:\/\/api.w.org\/{rel}","templated":true}]}}