{"id":188245,"date":"2025-12-18T16:05:25","date_gmt":"2025-12-18T22:05:25","guid":{"rendered":"https:\/\/canal7slp.tv\/2026\/?p=188245"},"modified":"2025-12-18T16:05:25","modified_gmt":"2025-12-18T22:05:25","slug":"ue-posponen-firma-del-tratado-con-mercosur-hasta-enero","status":"publish","type":"post","link":"https:\/\/canal7slp.tv\/2026\/ue-posponen-firma-del-tratado-con-mercosur-hasta-enero\/","title":{"rendered":"UE posponen firma del tratado con Mercosur hasta enero"},"content":{"rendered":"<p style=\"text-align: justify;\">Bruselas.- Argentina, Brasil, Paraguay y Uruguay fue pospuesta para enero, inform\u00f3 este 18 de diciembre la presidenta de la Comisi\u00f3n Europea, Ursula von der Leyen.<\/p>\n<p style=\"text-align: justify;\">El acuerdo, que ha estado en negociaci\u00f3n durante 25 a\u00f1os, dar\u00eda lugar a la mayor zona de libre comercio del mundo. De concretarse, permitir\u00eda a la Uni\u00f3n Europea exportar productos industriales como veh\u00edculos y maquinaria, mientras que facilitar\u00eda el acceso al mercado europeo de bienes agr\u00edcolas sudamericanos, entre ellos carne, arroz, miel y soja.<\/p>\n<p style=\"text-align: justify;\">El aplazamiento ocurre en medio de protestas de agricultores en varios pa\u00edses europeos, quienes han manifestado su preocupaci\u00f3n por la competencia que representar\u00edan los productos del Mercosur, al considerar que se producen bajo normativas menos estrictas, lo que abaratar\u00eda sus costos.<\/p>\n<p style=\"text-align: justify;\">Horas antes del anuncio oficial, el presidente de Brasil, Luiz In\u00e1cio Lula da Silva, revel\u00f3 que la primera ministra de Italia, Giorgia Meloni, le pidi\u00f3 \u201cpaciencia\u201d durante una llamada telef\u00f3nica, asegurando que su pa\u00eds eventualmente respaldar\u00e1 el acuerdo.<\/p>\n<p style=\"text-align: justify;\">La Comisi\u00f3n Europea, con el apoyo de Alemania, Espa\u00f1a y pa\u00edses n\u00f3rdicos, pretend\u00eda firmar el tratado este s\u00e1bado durante una cumbre del Mercosur en Foz do Igua\u00e7u, Brasil. No obstante, la iniciativa no logr\u00f3 reunir el respaldo de una mayor\u00eda cualificada de los Estados miembros, principalmente por la oposici\u00f3n de Francia e Italia.<\/p>\n<p style=\"text-align: justify;\">Finalmente, durante una cumbre en Bruselas, von der Leyen inform\u00f3 a los l\u00edderes de los 27 pa\u00edses de la Uni\u00f3n Europea sobre el aplazamiento del acuerdo, aunque no precis\u00f3 una fecha concreta para su eventual firma en enero.<\/p>\n","protected":false},"excerpt":{"rendered":"<p>Bruselas.- Argentina, Brasil, Paraguay y Uruguay fue pospuesta para enero, inform\u00f3 este 18 de diciembre la presidenta de la Comisi\u00f3n Europea, Ursula von der Leyen. El acuerdo, que ha estado en negociaci\u00f3n durante 25 a\u00f1os, dar\u00eda lugar a la mayor zona de libre comercio del mundo. De concretarse, permitir\u00eda a la Uni\u00f3n Europea exportar productos industriales como veh\u00edculos y maquinaria, mientras que facilitar\u00eda el acceso al mercado europeo de bienes agr\u00edcolas sudamericanos, entre ellos carne, arroz, miel y soja. El aplazamiento ocurre en medio de protestas de agricultores en varios pa\u00edses europeos, quienes han manifestado su preocupaci\u00f3n por la competencia [&hellip;]<\/p>\n","protected":false},"author":2,"featured_media":188246,"comment_status":"closed","ping_status":"closed","sticky":false,"template":"","format":"standard","meta":{"_monsterinsights_skip_tracking":false,"_monsterinsights_sitenote_active":false,"_monsterinsights_sitenote_note":"","_monsterinsights_sitenote_category":0,"footnotes":""},"categories":[40,44],"tags":[],"class_list":["post-188245","post","type-post","status-publish","format-standard","has-post-thumbnail","hentry","category-economia","category-internacional","post--single"],"_links":{"self":[{"href":"https:\/\/canal7slp.tv\/2026\/wp-json\/wp\/v2\/posts\/188245","targetHints":{"allow":["GET"]}}],"collection":[{"href":"https:\/\/canal7slp.tv\/2026\/wp-json\/wp\/v2\/posts"}],"about":[{"href":"https:\/\/canal7slp.tv\/2026\/wp-json\/wp\/v2\/types\/post"}],"author":[{"embeddable":true,"href":"https:\/\/canal7slp.tv\/2026\/wp-json\/wp\/v2\/users\/2"}],"replies":[{"embeddable":true,"href":"https:\/\/canal7slp.tv\/2026\/wp-json\/wp\/v2\/comments?post=188245"}],"version-history":[{"count":1,"href":"https:\/\/canal7slp.tv\/2026\/wp-json\/wp\/v2\/posts\/188245\/revisions"}],"predecessor-version":[{"id":188247,"href":"https:\/\/canal7slp.tv\/2026\/wp-json\/wp\/v2\/posts\/188245\/revisions\/188247"}],"wp:featuredmedia":[{"embeddable":true,"href":"https:\/\/canal7slp.tv\/2026\/wp-json\/wp\/v2\/media\/188246"}],"wp:attachment":[{"href":"https:\/\/canal7slp.tv\/2026\/wp-json\/wp\/v2\/media?parent=188245"}],"wp:term":[{"taxonomy":"category","embeddable":true,"href":"https:\/\/canal7slp.tv\/2026\/wp-json\/wp\/v2\/categories?post=188245"},{"taxonomy":"post_tag","embeddable":true,"href":"https:\/\/canal7slp.tv\/2026\/wp-json\/wp\/v2\/tags?post=188245"}],"curies":[{"name":"wp","href":"https:\/\/api.w.org\/{rel}","templated":true}]}}