{"id":188210,"date":"2025-12-18T15:13:25","date_gmt":"2025-12-18T21:13:25","guid":{"rendered":"https:\/\/canal7slp.tv\/2026\/?p=188210"},"modified":"2025-12-18T15:13:25","modified_gmt":"2025-12-18T21:13:25","slug":"avala-secretaria-de-energia-20-proyectos-de-participantes-privados-sobre-energia-renovable","status":"publish","type":"post","link":"https:\/\/canal7slp.tv\/2026\/avala-secretaria-de-energia-20-proyectos-de-participantes-privados-sobre-energia-renovable\/","title":{"rendered":"Avala Secretar\u00eda de Energ\u00eda 20 proyectos de participantes privados, sobre energ\u00eda renovable"},"content":{"rendered":"<p style=\"text-align: justify;\"><span style=\"font-size: 1.21429rem;\">SLP.- La aprobaci\u00f3n de 20 proyectos de energ\u00eda renovable presentados por el sector privado, resultado de un mecanismo de autorizaci\u00f3n acelerada que busca dar impulso a inversiones y fortalecer la capacidad el\u00e9ctrica del pa\u00eds, fue anunciada por la Secretar\u00eda de Energ\u00eda (SENER).<\/span><\/p>\n<p style=\"text-align: justify;\">Dichos proyectos suman una capacidad de generaci\u00f3n de tres mil 320 megawatts (MW) -de los cuales 15 son de energ\u00eda fotovoltaica y cinco e\u00f3lica-.<\/p>\n<p style=\"text-align: justify;\">Se incluir\u00e1n sistemas de almacenamiento que contribuir\u00e1n a la estabilidad del sistema el\u00e9ctrico nacional.<\/p>\n<p style=\"text-align: justify;\">Las iniciativas se desarrollar\u00e1n en 11 estados. La expectativa es que una parte considerable inicie operaci\u00f3n entre 2027 y 2028.<\/p>\n<p style=\"text-align: justify;\">La inversi\u00f3n comprometida para materializar los proyectos asciende a cuatro mil 752 millones de d\u00f3lares.<\/p>\n<p style=\"text-align: justify;\">En ese tenor, fue destacado el inter\u00e9s del sector en participar en la transici\u00f3n hacia fuentes m\u00e1s limpias.<\/p>\n<p style=\"text-align: justify;\">El esquema de aprobaci\u00f3n desde la Secretar\u00eda de Energ\u00eda redujo de manera significativa el tiempo de tramitaci\u00f3n.<\/p>\n<p style=\"text-align: justify;\">Esto, sin comprometer evaluaciones t\u00e9cnicas y ambientales -lo que ha permitido agilizar el impulso a la generaci\u00f3n renovable-.<\/p>\n<p style=\"text-align: justify;\">Autoridades energ\u00e9ticas han recordado que el avance representa m\u00e1s de la mitad de la capacidad ofertada en la convocatoria.<\/p>\n<p style=\"text-align: justify;\">Ser\u00e1 complementado con ejercicios para atraer inversiones privadas en el sector el\u00e9ctrico en pr\u00f3ximos meses.<\/p>\n<p style=\"text-align: justify;\">Por: Paulina Rodr\u00edguez<\/p>\n","protected":false},"excerpt":{"rendered":"<p>SLP.- La aprobaci\u00f3n de 20 proyectos de energ\u00eda renovable presentados por el sector privado, resultado de un mecanismo de autorizaci\u00f3n acelerada que busca dar impulso a inversiones y fortalecer la capacidad el\u00e9ctrica del pa\u00eds, fue anunciada por la Secretar\u00eda de Energ\u00eda (SENER). Dichos proyectos suman una capacidad de generaci\u00f3n de tres mil 320 megawatts (MW) -de los cuales 15 son de energ\u00eda fotovoltaica y cinco e\u00f3lica-. Se incluir\u00e1n sistemas de almacenamiento que contribuir\u00e1n a la estabilidad del sistema el\u00e9ctrico nacional. Las iniciativas se desarrollar\u00e1n en 11 estados. La expectativa es que una parte considerable inicie operaci\u00f3n entre 2027 y 2028. [&hellip;]<\/p>\n","protected":false},"author":2,"featured_media":188227,"comment_status":"closed","ping_status":"closed","sticky":false,"template":"","format":"video","meta":{"_monsterinsights_skip_tracking":false,"_monsterinsights_sitenote_active":false,"_monsterinsights_sitenote_note":"","_monsterinsights_sitenote_category":0,"footnotes":""},"categories":[5,45],"tags":[],"class_list":["post-188210","post","type-post","status-publish","format-video","has-post-thumbnail","hentry","category-destacadas","category-localesyregionales","post_format-post-format-video","post--single"],"_links":{"self":[{"href":"https:\/\/canal7slp.tv\/2026\/wp-json\/wp\/v2\/posts\/188210","targetHints":{"allow":["GET"]}}],"collection":[{"href":"https:\/\/canal7slp.tv\/2026\/wp-json\/wp\/v2\/posts"}],"about":[{"href":"https:\/\/canal7slp.tv\/2026\/wp-json\/wp\/v2\/types\/post"}],"author":[{"embeddable":true,"href":"https:\/\/canal7slp.tv\/2026\/wp-json\/wp\/v2\/users\/2"}],"replies":[{"embeddable":true,"href":"https:\/\/canal7slp.tv\/2026\/wp-json\/wp\/v2\/comments?post=188210"}],"version-history":[{"count":1,"href":"https:\/\/canal7slp.tv\/2026\/wp-json\/wp\/v2\/posts\/188210\/revisions"}],"predecessor-version":[{"id":188211,"href":"https:\/\/canal7slp.tv\/2026\/wp-json\/wp\/v2\/posts\/188210\/revisions\/188211"}],"wp:featuredmedia":[{"embeddable":true,"href":"https:\/\/canal7slp.tv\/2026\/wp-json\/wp\/v2\/media\/188227"}],"wp:attachment":[{"href":"https:\/\/canal7slp.tv\/2026\/wp-json\/wp\/v2\/media?parent=188210"}],"wp:term":[{"taxonomy":"category","embeddable":true,"href":"https:\/\/canal7slp.tv\/2026\/wp-json\/wp\/v2\/categories?post=188210"},{"taxonomy":"post_tag","embeddable":true,"href":"https:\/\/canal7slp.tv\/2026\/wp-json\/wp\/v2\/tags?post=188210"}],"curies":[{"name":"wp","href":"https:\/\/api.w.org\/{rel}","templated":true}]}}