{"id":188203,"date":"2025-12-18T14:48:48","date_gmt":"2025-12-18T20:48:48","guid":{"rendered":"https:\/\/canal7slp.tv\/2026\/?p=188203"},"modified":"2025-12-18T14:48:48","modified_gmt":"2025-12-18T20:48:48","slug":"primer-ministro-canadiense-senala-que-revision-del-t-mec-no-implica-su-abandono","status":"publish","type":"post","link":"https:\/\/canal7slp.tv\/2026\/primer-ministro-canadiense-senala-que-revision-del-t-mec-no-implica-su-abandono\/","title":{"rendered":"Primer ministro canadiense se\u00f1ala que revisi\u00f3n del T-MEC no implica su abandono"},"content":{"rendered":"<p style=\"text-align: justify;\">Ottawa.- El primer ministro de Canad\u00e1, Mark Carney, declar\u00f3 en una entrevista que el presidente de Estados Unidos, Donald Trump, no ha planteado la posibilidad de abandonar el Tratado M\u00e9xico-Estados Unidos-Canad\u00e1 (T-MEC), sino que las conversaciones se han centrado en su \u00abrevisi\u00f3n y ajustes\u00bb.<\/p>\n<p style=\"text-align: justify;\">Carney afirm\u00f3 que los di\u00e1logos mantenidos con Trump, as\u00ed como las conversaciones del mandatario estadounidense con la presidenta de M\u00e9xico, Claudia Sheinbaum, giran en torno a la idea de renovar y actualizar el acuerdo comercial.<\/p>\n<p style=\"text-align: justify;\">Carney mencion\u00f3 que, durante un encuentro celebrado el pasado 5 de diciembre en Washington, los tres l\u00edderes abordaron posibles calendarios para este proceso de revisi\u00f3n, aunque sin llegar a acuerdos espec\u00edficos al respecto.<\/p>\n<p style=\"text-align: justify;\">El T-MEC establece que, antes del 1 de julio de 2026, los tres pa\u00edses deben indicar si desean extender el tratado por 16 a\u00f1os m\u00e1s, revisarlo o abandonarlo. Cabe recordar que, pese a haber sido negociado durante su primera administraci\u00f3n, Trump ha expresado cr\u00edticas hacia el acuerdo en el pasado.<\/p>\n<p style=\"text-align: justify;\">Por su parte, el representante comercial de Estados Unidos, Jamieson Greer, se\u00f1al\u00f3 recientemente que las tres opciones (extensi\u00f3n, revisi\u00f3n o salida) permanecen sobre la mesa, y que Washington mantiene conversaciones separadas con Canad\u00e1 y M\u00e9xico debido a las distintas caracter\u00edsticas de cada relaci\u00f3n comercial.<\/p>\n","protected":false},"excerpt":{"rendered":"<p>Ottawa.- El primer ministro de Canad\u00e1, Mark Carney, declar\u00f3 en una entrevista que el presidente de Estados Unidos, Donald Trump, no ha planteado la posibilidad de abandonar el Tratado M\u00e9xico-Estados Unidos-Canad\u00e1 (T-MEC), sino que las conversaciones se han centrado en su \u00abrevisi\u00f3n y ajustes\u00bb. Carney afirm\u00f3 que los di\u00e1logos mantenidos con Trump, as\u00ed como las conversaciones del mandatario estadounidense con la presidenta de M\u00e9xico, Claudia Sheinbaum, giran en torno a la idea de renovar y actualizar el acuerdo comercial. Carney mencion\u00f3 que, durante un encuentro celebrado el pasado 5 de diciembre en Washington, los tres l\u00edderes abordaron posibles calendarios para [&hellip;]<\/p>\n","protected":false},"author":2,"featured_media":188212,"comment_status":"closed","ping_status":"closed","sticky":false,"template":"","format":"standard","meta":{"_monsterinsights_skip_tracking":false,"_monsterinsights_sitenote_active":false,"_monsterinsights_sitenote_note":"","_monsterinsights_sitenote_category":0,"footnotes":""},"categories":[44],"tags":[],"class_list":["post-188203","post","type-post","status-publish","format-standard","has-post-thumbnail","hentry","category-internacional","post--single"],"_links":{"self":[{"href":"https:\/\/canal7slp.tv\/2026\/wp-json\/wp\/v2\/posts\/188203","targetHints":{"allow":["GET"]}}],"collection":[{"href":"https:\/\/canal7slp.tv\/2026\/wp-json\/wp\/v2\/posts"}],"about":[{"href":"https:\/\/canal7slp.tv\/2026\/wp-json\/wp\/v2\/types\/post"}],"author":[{"embeddable":true,"href":"https:\/\/canal7slp.tv\/2026\/wp-json\/wp\/v2\/users\/2"}],"replies":[{"embeddable":true,"href":"https:\/\/canal7slp.tv\/2026\/wp-json\/wp\/v2\/comments?post=188203"}],"version-history":[{"count":1,"href":"https:\/\/canal7slp.tv\/2026\/wp-json\/wp\/v2\/posts\/188203\/revisions"}],"predecessor-version":[{"id":188213,"href":"https:\/\/canal7slp.tv\/2026\/wp-json\/wp\/v2\/posts\/188203\/revisions\/188213"}],"wp:featuredmedia":[{"embeddable":true,"href":"https:\/\/canal7slp.tv\/2026\/wp-json\/wp\/v2\/media\/188212"}],"wp:attachment":[{"href":"https:\/\/canal7slp.tv\/2026\/wp-json\/wp\/v2\/media?parent=188203"}],"wp:term":[{"taxonomy":"category","embeddable":true,"href":"https:\/\/canal7slp.tv\/2026\/wp-json\/wp\/v2\/categories?post=188203"},{"taxonomy":"post_tag","embeddable":true,"href":"https:\/\/canal7slp.tv\/2026\/wp-json\/wp\/v2\/tags?post=188203"}],"curies":[{"name":"wp","href":"https:\/\/api.w.org\/{rel}","templated":true}]}}