{"id":188164,"date":"2025-12-17T19:39:57","date_gmt":"2025-12-18T01:39:57","guid":{"rendered":"https:\/\/canal7slp.tv\/2026\/?p=188164"},"modified":"2025-12-17T19:39:57","modified_gmt":"2025-12-18T01:39:57","slug":"apenas-de-0-5-el-crecimiento-economico-de-mexico-este-2025","status":"publish","type":"post","link":"https:\/\/canal7slp.tv\/2026\/apenas-de-0-5-el-crecimiento-economico-de-mexico-este-2025\/","title":{"rendered":"Apenas de 0.5%, el crecimiento econ\u00f3mico de M\u00e9xico este 2025"},"content":{"rendered":"<ul>\n<li style=\"text-align: justify;\">Desde IPAC se afirma que deben buscarse mejores condiciones en 2026.<\/li>\n<\/ul>\n<p style=\"text-align: justify;\">SLP.- El crecimiento econ\u00f3mico del pa\u00eds en el a\u00f1o 2025 ser\u00e1 del 0.5%, hecho que calific\u00f3 como lamentable el presidente de Industriales Potosino Asociaci\u00f3n Civil, Rodrigo S\u00e1nchez Espinosa.<\/p>\n<p style=\"text-align: justify;\">\u201cTambi\u00e9n cerramos con la preocupaci\u00f3n de que el crecimiento econ\u00f3mico que se est\u00e1 estimando para este a\u00f1o va a ser de alrededor del .5%, eso nos preocupa mucho\u201d.<\/p>\n<p style=\"text-align: justify;\">Para el a\u00f1o 2026 se deber\u00e1 generar el trabajo coordinado entre autoridades y empresarios para subir este porcentaje.<\/p>\n<p style=\"text-align: justify;\">\u201cEs parte de lo que nos ocupa ver m\u00e1s alternativas, m\u00e1s opciones (\u2026) participar con el gobierno federal, estatal, municipal; aportando ideas para generar mejores condiciones para el pr\u00f3ximo a\u00f1o\u201d.<\/p>\n<p style=\"text-align: justify;\">Los aranceles, el Tratado M\u00e9xico, Estados Unidos y Canad\u00e1, adem\u00e1s de la presi\u00f3n del presidente Donald Trump, ser\u00e1n otra problem\u00e1tica con la que se lidiar\u00e1.<\/p>\n<p style=\"text-align: justify;\">\u201cPues que s\u00ed acabemos de negociar pronto el tratado, sin duda ha sido un presidente que nos ha generado bastante inestabilidad, no vemos que vaya a cambiar mucho ese tema\u201d.<\/p>\n<p style=\"text-align: justify;\">Se\u00f1al\u00f3 que a nivel nacional el exhorto es para que las autoridades tengan una buena negociaci\u00f3n en el tratado de comercio con los pa\u00edses del norte en el 2026.<\/p>\n<p style=\"text-align: justify;\">Por: Juan Carlos Contreras<\/p>\n","protected":false},"excerpt":{"rendered":"<p>Desde IPAC se afirma que deben buscarse mejores condiciones en 2026. SLP.- El crecimiento econ\u00f3mico del pa\u00eds en el a\u00f1o 2025 ser\u00e1 del 0.5%, hecho que calific\u00f3 como lamentable el presidente de Industriales Potosino Asociaci\u00f3n Civil, Rodrigo S\u00e1nchez Espinosa. \u201cTambi\u00e9n cerramos con la preocupaci\u00f3n de que el crecimiento econ\u00f3mico que se est\u00e1 estimando para este a\u00f1o va a ser de alrededor del .5%, eso nos preocupa mucho\u201d. Para el a\u00f1o 2026 se deber\u00e1 generar el trabajo coordinado entre autoridades y empresarios para subir este porcentaje. \u201cEs parte de lo que nos ocupa ver m\u00e1s alternativas, m\u00e1s opciones (\u2026) participar con [&hellip;]<\/p>\n","protected":false},"author":2,"featured_media":188180,"comment_status":"closed","ping_status":"closed","sticky":false,"template":"","format":"video","meta":{"_monsterinsights_skip_tracking":false,"_monsterinsights_sitenote_active":false,"_monsterinsights_sitenote_note":"","_monsterinsights_sitenote_category":0,"footnotes":""},"categories":[5,45],"tags":[],"class_list":["post-188164","post","type-post","status-publish","format-video","has-post-thumbnail","hentry","category-destacadas","category-localesyregionales","post_format-post-format-video","post--single"],"_links":{"self":[{"href":"https:\/\/canal7slp.tv\/2026\/wp-json\/wp\/v2\/posts\/188164","targetHints":{"allow":["GET"]}}],"collection":[{"href":"https:\/\/canal7slp.tv\/2026\/wp-json\/wp\/v2\/posts"}],"about":[{"href":"https:\/\/canal7slp.tv\/2026\/wp-json\/wp\/v2\/types\/post"}],"author":[{"embeddable":true,"href":"https:\/\/canal7slp.tv\/2026\/wp-json\/wp\/v2\/users\/2"}],"replies":[{"embeddable":true,"href":"https:\/\/canal7slp.tv\/2026\/wp-json\/wp\/v2\/comments?post=188164"}],"version-history":[{"count":2,"href":"https:\/\/canal7slp.tv\/2026\/wp-json\/wp\/v2\/posts\/188164\/revisions"}],"predecessor-version":[{"id":188181,"href":"https:\/\/canal7slp.tv\/2026\/wp-json\/wp\/v2\/posts\/188164\/revisions\/188181"}],"wp:featuredmedia":[{"embeddable":true,"href":"https:\/\/canal7slp.tv\/2026\/wp-json\/wp\/v2\/media\/188180"}],"wp:attachment":[{"href":"https:\/\/canal7slp.tv\/2026\/wp-json\/wp\/v2\/media?parent=188164"}],"wp:term":[{"taxonomy":"category","embeddable":true,"href":"https:\/\/canal7slp.tv\/2026\/wp-json\/wp\/v2\/categories?post=188164"},{"taxonomy":"post_tag","embeddable":true,"href":"https:\/\/canal7slp.tv\/2026\/wp-json\/wp\/v2\/tags?post=188164"}],"curies":[{"name":"wp","href":"https:\/\/api.w.org\/{rel}","templated":true}]}}