{"id":188152,"date":"2025-12-17T18:34:09","date_gmt":"2025-12-18T00:34:09","guid":{"rendered":"https:\/\/canal7slp.tv\/2026\/?p=188152"},"modified":"2025-12-17T18:34:09","modified_gmt":"2025-12-18T00:34:09","slug":"impulsan-en-la-onu-la-soberania-digital-ciudadana","status":"publish","type":"post","link":"https:\/\/canal7slp.tv\/2026\/impulsan-en-la-onu-la-soberania-digital-ciudadana\/","title":{"rendered":"Impulsan en la ONU la \u201cSoberan\u00eda Digital Ciudadana\u201d"},"content":{"rendered":"<p style=\"text-align: justify;\">Nueva York.- Durante la Cumbre Mundial sobre la Sociedad de la Informaci\u00f3n, celebrada en la Organizaci\u00f3n de las Naciones Unidas, se present\u00f3 una iniciativa orientada a recuperar el car\u00e1cter descentralizado y neutral de internet, as\u00ed como a promover el concepto de \u201csoberan\u00eda digital ciudadana\u201d frente a la creciente concentraci\u00f3n del poder tecnol\u00f3gico.<\/p>\n<p style=\"text-align: justify;\">La propuesta fue impulsada por la Fundaci\u00f3n Cibervoluntarios, cuya presidenta, Yolanda Rueda, advirti\u00f3 que la tecnolog\u00eda se encuentra cada vez m\u00e1s centralizada en manos de unas cuantas corporaciones, alej\u00e1ndose de los principios con los que naci\u00f3 internet. Se\u00f1al\u00f3 que los algoritmos actuales tienden a limitar el acceso a la informaci\u00f3n, reduciendo la diversidad de contenidos y de puntos de vista a los que acceden los usuarios.<\/p>\n<p style=\"text-align: justify;\">La organizaci\u00f3n subray\u00f3 que, aunque internet fue concebido como una herramienta abierta para compartir conocimiento, hoy su control se concentra progresivamente. Ante este escenario, plante\u00f3 que la ciudadan\u00eda deje de ser solo usuaria y participe activamente en el dise\u00f1o y desarrollo de las herramientas tecnol\u00f3gicas.<\/p>\n<p style=\"text-align: justify;\">Tambi\u00e9n se destac\u00f3 que, pese a los avances en materia de derechos digitales, especialmente en Europa, la regulaci\u00f3n avanza m\u00e1s lentamente que la innovaci\u00f3n tecnol\u00f3gica, lo que genera vac\u00edos legales que pueden ser aprovechados por las grandes empresas del sector.<\/p>\n<p style=\"text-align: justify;\">En materia de formaci\u00f3n digital, el secretario general de la fundaci\u00f3n, Juanjo Rastrollo, advirti\u00f3 que un uso superficial de la tecnolog\u00eda, incluso entre los llamados \u201cnativos digitales\u201d, puede aumentar los riesgos en seguridad inform\u00e1tica y favorecer la desinformaci\u00f3n.<\/p>\n<p style=\"text-align: justify;\">La iniciativa plantea un modelo de transici\u00f3n digital que priorice la inclusi\u00f3n social, la protecci\u00f3n de datos personales y la privacidad, con el objetivo de que la tecnolog\u00eda funcione como una herramienta de empoderamiento ciudadano y no como un factor de exclusi\u00f3n.<\/p>\n","protected":false},"excerpt":{"rendered":"<p>Nueva York.- Durante la Cumbre Mundial sobre la Sociedad de la Informaci\u00f3n, celebrada en la Organizaci\u00f3n de las Naciones Unidas, se present\u00f3 una iniciativa orientada a recuperar el car\u00e1cter descentralizado y neutral de internet, as\u00ed como a promover el concepto de \u201csoberan\u00eda digital ciudadana\u201d frente a la creciente concentraci\u00f3n del poder tecnol\u00f3gico. La propuesta fue impulsada por la Fundaci\u00f3n Cibervoluntarios, cuya presidenta, Yolanda Rueda, advirti\u00f3 que la tecnolog\u00eda se encuentra cada vez m\u00e1s centralizada en manos de unas cuantas corporaciones, alej\u00e1ndose de los principios con los que naci\u00f3 internet. Se\u00f1al\u00f3 que los algoritmos actuales tienden a limitar el acceso a [&hellip;]<\/p>\n","protected":false},"author":2,"featured_media":188153,"comment_status":"closed","ping_status":"closed","sticky":false,"template":"","format":"standard","meta":{"_monsterinsights_skip_tracking":false,"_monsterinsights_sitenote_active":false,"_monsterinsights_sitenote_note":"","_monsterinsights_sitenote_category":0,"footnotes":""},"categories":[44],"tags":[],"class_list":["post-188152","post","type-post","status-publish","format-standard","has-post-thumbnail","hentry","category-internacional","post--single"],"_links":{"self":[{"href":"https:\/\/canal7slp.tv\/2026\/wp-json\/wp\/v2\/posts\/188152","targetHints":{"allow":["GET"]}}],"collection":[{"href":"https:\/\/canal7slp.tv\/2026\/wp-json\/wp\/v2\/posts"}],"about":[{"href":"https:\/\/canal7slp.tv\/2026\/wp-json\/wp\/v2\/types\/post"}],"author":[{"embeddable":true,"href":"https:\/\/canal7slp.tv\/2026\/wp-json\/wp\/v2\/users\/2"}],"replies":[{"embeddable":true,"href":"https:\/\/canal7slp.tv\/2026\/wp-json\/wp\/v2\/comments?post=188152"}],"version-history":[{"count":1,"href":"https:\/\/canal7slp.tv\/2026\/wp-json\/wp\/v2\/posts\/188152\/revisions"}],"predecessor-version":[{"id":188154,"href":"https:\/\/canal7slp.tv\/2026\/wp-json\/wp\/v2\/posts\/188152\/revisions\/188154"}],"wp:featuredmedia":[{"embeddable":true,"href":"https:\/\/canal7slp.tv\/2026\/wp-json\/wp\/v2\/media\/188153"}],"wp:attachment":[{"href":"https:\/\/canal7slp.tv\/2026\/wp-json\/wp\/v2\/media?parent=188152"}],"wp:term":[{"taxonomy":"category","embeddable":true,"href":"https:\/\/canal7slp.tv\/2026\/wp-json\/wp\/v2\/categories?post=188152"},{"taxonomy":"post_tag","embeddable":true,"href":"https:\/\/canal7slp.tv\/2026\/wp-json\/wp\/v2\/tags?post=188152"}],"curies":[{"name":"wp","href":"https:\/\/api.w.org\/{rel}","templated":true}]}}