{"id":188085,"date":"2025-12-17T13:50:40","date_gmt":"2025-12-17T19:50:40","guid":{"rendered":"https:\/\/canal7slp.tv\/2026\/?p=188085"},"modified":"2025-12-17T13:50:40","modified_gmt":"2025-12-17T19:50:40","slug":"detienen-a-exasesora-de-garcia-luna-por-delincuencia-organizada","status":"publish","type":"post","link":"https:\/\/canal7slp.tv\/2026\/detienen-a-exasesora-de-garcia-luna-por-delincuencia-organizada\/","title":{"rendered":"Detienen a exasesora de Garc\u00eda Luna por delincuencia organizada"},"content":{"rendered":"<p style=\"text-align: justify;\">M\u00e9xico.- La Fiscal\u00eda General de la Rep\u00fablica (FGR) inform\u00f3 sobre la detenci\u00f3n de Mar\u00eda Vanesa Pedraza Madrid, exasesora que form\u00f3 parte de la Secretar\u00eda de Seguridad P\u00fablica federal entre 2001 y 2012, periodo en el que Genaro Garc\u00eda Luna encabez\u00f3 dicha dependencia.<\/p>\n<p style=\"text-align: justify;\">La captura se llev\u00f3 a cabo en la Ciudad de M\u00e9xico por elementos de la Agencia de Investigaci\u00f3n Criminal, en cumplimiento de una orden de aprehensi\u00f3n relacionada con los delitos de delincuencia organizada y operaciones con recursos de procedencia il\u00edcita.<\/p>\n<p style=\"text-align: justify;\">De acuerdo con las indagatorias de la Fiscal\u00eda Especializada en materia de Delincuencia Organizada, la detenida habr\u00eda fungido como apoderada legal de la empresa Nunvav, Inc., se\u00f1alada por las autoridades como un posible veh\u00edculo para administrar recursos de origen il\u00edcito y desviar fondos p\u00fablicos.<\/p>\n<p style=\"text-align: justify;\">Las investigaciones apuntan a que dichos recursos proven\u00edan del sistema penitenciario federal y de diversas instancias de la administraci\u00f3n p\u00fablica, y que parte de ellos habr\u00edan beneficiado a Genaro Garc\u00eda Luna y a integrantes de su entorno familiar.<\/p>\n<p style=\"text-align: justify;\">Garc\u00eda Luna se encuentra actualmente privado de la libertad en Estados Unidos, donde fue sentenciado por delitos relacionados con v\u00ednculos con el C\u00e1rtel de Sinaloa.<\/p>\n<p style=\"text-align: justify;\">Tras su aprehensi\u00f3n, la exasesora fue trasladada a un centro de reinserci\u00f3n social en el estado de Morelos, donde el Ministerio P\u00fablico Federal solicitar\u00e1 la audiencia inicial para formular la imputaci\u00f3n correspondiente.<\/p>\n","protected":false},"excerpt":{"rendered":"<p>M\u00e9xico.- La Fiscal\u00eda General de la Rep\u00fablica (FGR) inform\u00f3 sobre la detenci\u00f3n de Mar\u00eda Vanesa Pedraza Madrid, exasesora que form\u00f3 parte de la Secretar\u00eda de Seguridad P\u00fablica federal entre 2001 y 2012, periodo en el que Genaro Garc\u00eda Luna encabez\u00f3 dicha dependencia. La captura se llev\u00f3 a cabo en la Ciudad de M\u00e9xico por elementos de la Agencia de Investigaci\u00f3n Criminal, en cumplimiento de una orden de aprehensi\u00f3n relacionada con los delitos de delincuencia organizada y operaciones con recursos de procedencia il\u00edcita. De acuerdo con las indagatorias de la Fiscal\u00eda Especializada en materia de Delincuencia Organizada, la detenida habr\u00eda fungido [&hellip;]<\/p>\n","protected":false},"author":2,"featured_media":188086,"comment_status":"closed","ping_status":"closed","sticky":false,"template":"","format":"standard","meta":{"_monsterinsights_skip_tracking":false,"_monsterinsights_sitenote_active":false,"_monsterinsights_sitenote_note":"","_monsterinsights_sitenote_category":0,"footnotes":""},"categories":[46],"tags":[],"class_list":["post-188085","post","type-post","status-publish","format-standard","has-post-thumbnail","hentry","category-nacional","post--single"],"_links":{"self":[{"href":"https:\/\/canal7slp.tv\/2026\/wp-json\/wp\/v2\/posts\/188085","targetHints":{"allow":["GET"]}}],"collection":[{"href":"https:\/\/canal7slp.tv\/2026\/wp-json\/wp\/v2\/posts"}],"about":[{"href":"https:\/\/canal7slp.tv\/2026\/wp-json\/wp\/v2\/types\/post"}],"author":[{"embeddable":true,"href":"https:\/\/canal7slp.tv\/2026\/wp-json\/wp\/v2\/users\/2"}],"replies":[{"embeddable":true,"href":"https:\/\/canal7slp.tv\/2026\/wp-json\/wp\/v2\/comments?post=188085"}],"version-history":[{"count":1,"href":"https:\/\/canal7slp.tv\/2026\/wp-json\/wp\/v2\/posts\/188085\/revisions"}],"predecessor-version":[{"id":188087,"href":"https:\/\/canal7slp.tv\/2026\/wp-json\/wp\/v2\/posts\/188085\/revisions\/188087"}],"wp:featuredmedia":[{"embeddable":true,"href":"https:\/\/canal7slp.tv\/2026\/wp-json\/wp\/v2\/media\/188086"}],"wp:attachment":[{"href":"https:\/\/canal7slp.tv\/2026\/wp-json\/wp\/v2\/media?parent=188085"}],"wp:term":[{"taxonomy":"category","embeddable":true,"href":"https:\/\/canal7slp.tv\/2026\/wp-json\/wp\/v2\/categories?post=188085"},{"taxonomy":"post_tag","embeddable":true,"href":"https:\/\/canal7slp.tv\/2026\/wp-json\/wp\/v2\/tags?post=188085"}],"curies":[{"name":"wp","href":"https:\/\/api.w.org\/{rel}","templated":true}]}}