{"id":188030,"date":"2025-12-16T19:06:25","date_gmt":"2025-12-17T01:06:25","guid":{"rendered":"https:\/\/canal7slp.tv\/2026\/?p=188030"},"modified":"2025-12-16T19:06:25","modified_gmt":"2025-12-17T01:06:25","slug":"de-todas-maneras-lo-suben-aunque-el-servicio-sigue-siendo-lo-mismo-externan-usuarios-ante-alza-del-transporte-publico","status":"publish","type":"post","link":"https:\/\/canal7slp.tv\/2026\/de-todas-maneras-lo-suben-aunque-el-servicio-sigue-siendo-lo-mismo-externan-usuarios-ante-alza-del-transporte-publico\/","title":{"rendered":"\u00abDe todas maneras lo suben, aunque el servicio sigue siendo lo mismo\u00bb, externan usuarios ante alza del transporte p\u00fablico"},"content":{"rendered":"<p style=\"text-align: justify;\">SLP.- Ante una posible alza en el costo de la tarifa del cami\u00f3n, la poblaci\u00f3n de la zona metropolitana de San Luis Potos\u00ed se dijo en desacuerdo.<\/p>\n<p style=\"text-align: justify;\">\u201cPues s\u00ed pero en veces se demora un chingo en pasar\u201d.<\/p>\n<p style=\"text-align: justify;\">\u201cHay no es que manejan bien mal (\u2026) parece que llevan animales arriba (\u2026) tienen mal olor y as\u00ed, los conductores son como animales tambi\u00e9n (\u2026) algunos s\u00ed ya est\u00e1n muy en mal estado pero algunos s\u00ed est\u00e1n diferentes, o sea est\u00e1n mejor (\u2026) que est\u00e9n en m\u00e1s buenas condiciones y que sean m\u00e1s prudentes los conductores\u201d.<\/p>\n<p style=\"text-align: justify;\">A partir del d\u00eda 16 de enero del a\u00f1o 2025 el costo del cami\u00f3n subi\u00f3 a $12.50, pero para el 2026, transportistas podr\u00edan solicitar incrementar el precio.<\/p>\n<p style=\"text-align: justify;\">\u201cQue se tardan mucho (\u2026) caro, pues todo est\u00e1 caro pero qu\u00e9 le hacemos (\u2026) no es cuesti\u00f3n de si yo pido, de todas maneras lo van a subir porque aunque uno no quiera de todas maneras lo suben aunque el servicio sigue siendo lo mismo (\u2026) pues que contrataran mejores choferes que fueran m\u00e1s considerados con todas las personas, que se fijen antes de que se bajen las personas, n arranquen antes de tiempo, ahorita se iba a caer una se\u00f1ora\u201d.<\/p>\n<p style=\"text-align: justify;\">Los operadores argumentan que el alza de los combustibles, los costos de mantenimiento y el encarecimiento de las refacciones son los factores que impulsan una posible alza.<\/p>\n<p style=\"text-align: justify;\">\u201cQue no deber\u00edan de subirlo porque aun ya es caro (\u2026) si tengo a mis hijos que si salen a la escuela (\u2026) como 250 por semana, s\u00ed ya es mucho (\u2026) que se esperen que baje bien la gente porque luego arrancan\u201d.<\/p>\n<p style=\"text-align: justify;\">Por: Juan Carlos Contreras<\/p>\n","protected":false},"excerpt":{"rendered":"<p>SLP.- Ante una posible alza en el costo de la tarifa del cami\u00f3n, la poblaci\u00f3n de la zona metropolitana de San Luis Potos\u00ed se dijo en desacuerdo. \u201cPues s\u00ed pero en veces se demora un chingo en pasar\u201d. \u201cHay no es que manejan bien mal (\u2026) parece que llevan animales arriba (\u2026) tienen mal olor y as\u00ed, los conductores son como animales tambi\u00e9n (\u2026) algunos s\u00ed ya est\u00e1n muy en mal estado pero algunos s\u00ed est\u00e1n diferentes, o sea est\u00e1n mejor (\u2026) que est\u00e9n en m\u00e1s buenas condiciones y que sean m\u00e1s prudentes los conductores\u201d. A partir del d\u00eda 16 [&hellip;]<\/p>\n","protected":false},"author":2,"featured_media":188039,"comment_status":"closed","ping_status":"closed","sticky":false,"template":"","format":"video","meta":{"_monsterinsights_skip_tracking":false,"_monsterinsights_sitenote_active":false,"_monsterinsights_sitenote_note":"","_monsterinsights_sitenote_category":0,"footnotes":""},"categories":[5,45],"tags":[],"class_list":["post-188030","post","type-post","status-publish","format-video","has-post-thumbnail","hentry","category-destacadas","category-localesyregionales","post_format-post-format-video","post--single"],"_links":{"self":[{"href":"https:\/\/canal7slp.tv\/2026\/wp-json\/wp\/v2\/posts\/188030","targetHints":{"allow":["GET"]}}],"collection":[{"href":"https:\/\/canal7slp.tv\/2026\/wp-json\/wp\/v2\/posts"}],"about":[{"href":"https:\/\/canal7slp.tv\/2026\/wp-json\/wp\/v2\/types\/post"}],"author":[{"embeddable":true,"href":"https:\/\/canal7slp.tv\/2026\/wp-json\/wp\/v2\/users\/2"}],"replies":[{"embeddable":true,"href":"https:\/\/canal7slp.tv\/2026\/wp-json\/wp\/v2\/comments?post=188030"}],"version-history":[{"count":2,"href":"https:\/\/canal7slp.tv\/2026\/wp-json\/wp\/v2\/posts\/188030\/revisions"}],"predecessor-version":[{"id":188040,"href":"https:\/\/canal7slp.tv\/2026\/wp-json\/wp\/v2\/posts\/188030\/revisions\/188040"}],"wp:featuredmedia":[{"embeddable":true,"href":"https:\/\/canal7slp.tv\/2026\/wp-json\/wp\/v2\/media\/188039"}],"wp:attachment":[{"href":"https:\/\/canal7slp.tv\/2026\/wp-json\/wp\/v2\/media?parent=188030"}],"wp:term":[{"taxonomy":"category","embeddable":true,"href":"https:\/\/canal7slp.tv\/2026\/wp-json\/wp\/v2\/categories?post=188030"},{"taxonomy":"post_tag","embeddable":true,"href":"https:\/\/canal7slp.tv\/2026\/wp-json\/wp\/v2\/tags?post=188030"}],"curies":[{"name":"wp","href":"https:\/\/api.w.org\/{rel}","templated":true}]}}