{"id":188028,"date":"2025-12-16T21:54:39","date_gmt":"2025-12-17T03:54:39","guid":{"rendered":"https:\/\/canal7slp.tv\/2026\/?p=188028"},"modified":"2025-12-16T21:54:39","modified_gmt":"2025-12-17T03:54:39","slug":"choca-taxi-contra-patrulla-municipal","status":"publish","type":"post","link":"https:\/\/canal7slp.tv\/2026\/choca-taxi-contra-patrulla-municipal\/","title":{"rendered":"Choca taxi contra patrulla municipal"},"content":{"rendered":"<p style=\"text-align: justify;\"><span style=\"font-size: 1.21429rem;\">SLP.- En la intersecci\u00f3n de las calles 5 de Mayo y La Lonja una patrulla de seguridad p\u00fablica choc\u00f3 contra un taxi en un hecho de tr\u00e1nsito en donde se se\u00f1al\u00f3 que el conductor del autom\u00f3vil de alquiler, no hizo alto ante v\u00eda de preferencia.<\/span><\/p>\n<p style=\"text-align: justify;\">De acuerdo con el reporte el veh\u00edculo oficial realizaba labores de patrullaje preventivo en el Centro Hist\u00f3rico circulando por la calle 5 de Mayo, considerada v\u00eda de preferencia y al aproximarse a la esquina de la calle La Lonja, fue impactada por el taxi.<\/p>\n<p style=\"text-align: justify;\">El reporte indica tambi\u00e9n que los ocupantes del autom\u00f3vil de alquiler presentaban evidencia de consumo de alcohol solicitando el apoyo de servicios m\u00e9dicos.<\/p>\n<p style=\"text-align: justify;\">Derivado de este incidente dos personas resultaron con lesiones menores y al valorarlas en el mismo lugar de los hechos, no se hizo necesario su traslado a un hospital.<\/p>\n<p style=\"text-align: justify;\">Respecto al conductor del taxi se report\u00f3 que al advertir indicios de consumo de bebidas alcoh\u00f3licas fue remitido a certificaci\u00f3n m\u00e9dica, confirmando que se encontraba en estado de ebriedad.<\/p>\n<p>Por: Claudio Ibarra<\/p>\n","protected":false},"excerpt":{"rendered":"<p>SLP.- En la intersecci\u00f3n de las calles 5 de Mayo y La Lonja una patrulla de seguridad p\u00fablica choc\u00f3 contra un taxi en un hecho de tr\u00e1nsito en donde se se\u00f1al\u00f3 que el conductor del autom\u00f3vil de alquiler, no hizo alto ante v\u00eda de preferencia. De acuerdo con el reporte el veh\u00edculo oficial realizaba labores de patrullaje preventivo en el Centro Hist\u00f3rico circulando por la calle 5 de Mayo, considerada v\u00eda de preferencia y al aproximarse a la esquina de la calle La Lonja, fue impactada por el taxi. El reporte indica tambi\u00e9n que los ocupantes del autom\u00f3vil de alquiler [&hellip;]<\/p>\n","protected":false},"author":2,"featured_media":188063,"comment_status":"closed","ping_status":"closed","sticky":false,"template":"","format":"video","meta":{"_monsterinsights_skip_tracking":false,"_monsterinsights_sitenote_active":false,"_monsterinsights_sitenote_note":"","_monsterinsights_sitenote_category":0,"footnotes":""},"categories":[5,45],"tags":[],"class_list":["post-188028","post","type-post","status-publish","format-video","has-post-thumbnail","hentry","category-destacadas","category-localesyregionales","post_format-post-format-video","post--single"],"_links":{"self":[{"href":"https:\/\/canal7slp.tv\/2026\/wp-json\/wp\/v2\/posts\/188028","targetHints":{"allow":["GET"]}}],"collection":[{"href":"https:\/\/canal7slp.tv\/2026\/wp-json\/wp\/v2\/posts"}],"about":[{"href":"https:\/\/canal7slp.tv\/2026\/wp-json\/wp\/v2\/types\/post"}],"author":[{"embeddable":true,"href":"https:\/\/canal7slp.tv\/2026\/wp-json\/wp\/v2\/users\/2"}],"replies":[{"embeddable":true,"href":"https:\/\/canal7slp.tv\/2026\/wp-json\/wp\/v2\/comments?post=188028"}],"version-history":[{"count":2,"href":"https:\/\/canal7slp.tv\/2026\/wp-json\/wp\/v2\/posts\/188028\/revisions"}],"predecessor-version":[{"id":188064,"href":"https:\/\/canal7slp.tv\/2026\/wp-json\/wp\/v2\/posts\/188028\/revisions\/188064"}],"wp:featuredmedia":[{"embeddable":true,"href":"https:\/\/canal7slp.tv\/2026\/wp-json\/wp\/v2\/media\/188063"}],"wp:attachment":[{"href":"https:\/\/canal7slp.tv\/2026\/wp-json\/wp\/v2\/media?parent=188028"}],"wp:term":[{"taxonomy":"category","embeddable":true,"href":"https:\/\/canal7slp.tv\/2026\/wp-json\/wp\/v2\/categories?post=188028"},{"taxonomy":"post_tag","embeddable":true,"href":"https:\/\/canal7slp.tv\/2026\/wp-json\/wp\/v2\/tags?post=188028"}],"curies":[{"name":"wp","href":"https:\/\/api.w.org\/{rel}","templated":true}]}}