{"id":188001,"date":"2025-12-16T17:19:56","date_gmt":"2025-12-16T23:19:56","guid":{"rendered":"https:\/\/canal7slp.tv\/2026\/?p=188001"},"modified":"2025-12-16T17:19:56","modified_gmt":"2025-12-16T23:19:56","slug":"fundacion-colosio-en-slp-a-favor-de-ley-gobernadora","status":"publish","type":"post","link":"https:\/\/canal7slp.tv\/2026\/fundacion-colosio-en-slp-a-favor-de-ley-gobernadora\/","title":{"rendered":"Fundaci\u00f3n Colosio en SLP, a favor de Ley Gobernadora"},"content":{"rendered":"<p style=\"text-align: justify;\"><span style=\"font-size: 1.21429rem;\">SLP.- La votaci\u00f3n a favor de la denominada \u201cLey Gobernadora\u201d por parte de diputadas del Partido Revolucionario Institucional (PRI) fue respaldada por la Fundaci\u00f3n Colosio al considerar que se trata de una decisi\u00f3n tomada desde una valoraci\u00f3n de g\u00e9nero y de igualdad en la representaci\u00f3n pol\u00edtica.<\/span><\/p>\n<p style=\"text-align: justify;\">Al fijar postura, el presidente, Adolfo Micalco M\u00e9ndez, se\u00f1al\u00f3 que las legisladoras priistas analizaron el alcance de la reforma antes de emitir su voto en el Congreso local.<\/p>\n<p style=\"text-align: justify;\">\u201cSin duda, las dos diputadas de nuestro partido la diputada Sara Rocha Medina y Frinn\u00e9 Azuara hicieron una valoraci\u00f3n de las conveniencias de votar a favor de esta ley\u00bb, dijo en un primer momento.<\/p>\n<p style=\"text-align: justify;\">Continu\u00f3: \u00abDebo decir que hay distintos posicionamientos de g\u00e9nero que yo entiendo de parte de las distintas mujeres cuando son situaciones que favorecen precisamente la igualdad y que buscan eliminar la brecha de g\u00e9nero en las distintas posiciones.\u201d<\/p>\n<p style=\"text-align: justify;\">En ese contexto, afirm\u00f3 que la estructura del PRI respalda institucionalmente la determinaci\u00f3n al considerar leg\u00edtima su postura dentro del debate legislativo.<\/p>\n<p style=\"text-align: justify;\">\u201cYo entiendo la posici\u00f3n de dos mujeres pri\u00edstas diputadas que en esa valoraci\u00f3n decidieron apoyar esta reforma&#8230; En ese sentido el posicionamiento del PRI es precisamente acompa\u00f1ar esta decisi\u00f3n de nuestros dos diputadas\u00bb, insisti\u00f3.<\/p>\n<p style=\"text-align: justify;\">En ese sentido, M\u00e9ndez adelant\u00f3 que el PRI se encuentra en un proceso de reorganizaci\u00f3n interna con miras al pr\u00f3ximo proceso electoral, incluyendo la renovaci\u00f3n de estructuras municipales y seccionales.<\/p>\n<p style=\"text-align: justify;\">\u201cEn el PRI estamos prepar\u00e1ndonos para competir solos, en el PRI estamos prepar\u00e1ndonos con la renovaci\u00f3n de nuestras estructuras municipales y ahora en la renovaci\u00f3n de nuestras estructuras seccionales para presentar un frente amplio, un frente que pueda presentar una buena alternativa ante la sociedad.\u201d<\/p>\n<p style=\"text-align: justify;\">A\u00f1adi\u00f3 que el partido mantiene abierta la posibilidad de construir alianzas con otras fuerzas pol\u00edticas de oposici\u00f3n.<\/p>\n<p style=\"text-align: justify;\">\u201cSi los partidos de oposici\u00f3n a Morena no hacemos un frente com\u00fan, las probabilidades de echar fuera a Morena disminuyen, el PRI ha manifestado su disposici\u00f3n para hacer una coalici\u00f3n electoral con los dem\u00e1s partidos&#8230;Vamos a esperar a que los tiempos caminen que se vayan llegando los momentos de definici\u00f3n y ojal\u00e1 podamos presentar precisamente estas coaliciones\u00bb, agreg\u00f3.<\/p>\n<p style=\"text-align: justify;\">Prosigui\u00f3: \u201cDe cualquier modo, en el PRI hay hombres y mujeres, en este caso en la gubernatura, hay mujeres preparadas en el PRI para dar la batalla en el pr\u00f3ximo proceso electoral\u00bb.<\/p>\n<p>Por: Jos\u00e9 Luis V\u00e1zquez<\/p>\n","protected":false},"excerpt":{"rendered":"<p>SLP.- La votaci\u00f3n a favor de la denominada \u201cLey Gobernadora\u201d por parte de diputadas del Partido Revolucionario Institucional (PRI) fue respaldada por la Fundaci\u00f3n Colosio al considerar que se trata de una decisi\u00f3n tomada desde una valoraci\u00f3n de g\u00e9nero y de igualdad en la representaci\u00f3n pol\u00edtica. Al fijar postura, el presidente, Adolfo Micalco M\u00e9ndez, se\u00f1al\u00f3 que las legisladoras priistas analizaron el alcance de la reforma antes de emitir su voto en el Congreso local. \u201cSin duda, las dos diputadas de nuestro partido la diputada Sara Rocha Medina y Frinn\u00e9 Azuara hicieron una valoraci\u00f3n de las conveniencias de votar a favor [&hellip;]<\/p>\n","protected":false},"author":2,"featured_media":188003,"comment_status":"closed","ping_status":"closed","sticky":false,"template":"","format":"video","meta":{"_monsterinsights_skip_tracking":false,"_monsterinsights_sitenote_active":false,"_monsterinsights_sitenote_note":"","_monsterinsights_sitenote_category":0,"footnotes":""},"categories":[5,45],"tags":[],"class_list":["post-188001","post","type-post","status-publish","format-video","has-post-thumbnail","hentry","category-destacadas","category-localesyregionales","post_format-post-format-video","post--single"],"_links":{"self":[{"href":"https:\/\/canal7slp.tv\/2026\/wp-json\/wp\/v2\/posts\/188001","targetHints":{"allow":["GET"]}}],"collection":[{"href":"https:\/\/canal7slp.tv\/2026\/wp-json\/wp\/v2\/posts"}],"about":[{"href":"https:\/\/canal7slp.tv\/2026\/wp-json\/wp\/v2\/types\/post"}],"author":[{"embeddable":true,"href":"https:\/\/canal7slp.tv\/2026\/wp-json\/wp\/v2\/users\/2"}],"replies":[{"embeddable":true,"href":"https:\/\/canal7slp.tv\/2026\/wp-json\/wp\/v2\/comments?post=188001"}],"version-history":[{"count":1,"href":"https:\/\/canal7slp.tv\/2026\/wp-json\/wp\/v2\/posts\/188001\/revisions"}],"predecessor-version":[{"id":188004,"href":"https:\/\/canal7slp.tv\/2026\/wp-json\/wp\/v2\/posts\/188001\/revisions\/188004"}],"wp:featuredmedia":[{"embeddable":true,"href":"https:\/\/canal7slp.tv\/2026\/wp-json\/wp\/v2\/media\/188003"}],"wp:attachment":[{"href":"https:\/\/canal7slp.tv\/2026\/wp-json\/wp\/v2\/media?parent=188001"}],"wp:term":[{"taxonomy":"category","embeddable":true,"href":"https:\/\/canal7slp.tv\/2026\/wp-json\/wp\/v2\/categories?post=188001"},{"taxonomy":"post_tag","embeddable":true,"href":"https:\/\/canal7slp.tv\/2026\/wp-json\/wp\/v2\/tags?post=188001"}],"curies":[{"name":"wp","href":"https:\/\/api.w.org\/{rel}","templated":true}]}}