{"id":187995,"date":"2025-12-16T16:59:28","date_gmt":"2025-12-16T22:59:28","guid":{"rendered":"https:\/\/canal7slp.tv\/2026\/?p=187995"},"modified":"2025-12-16T16:59:28","modified_gmt":"2025-12-16T22:59:28","slug":"cidh-declara-responsable-al-estado-mexicano-por-muerte-de-ernestina-ascencio","status":"publish","type":"post","link":"https:\/\/canal7slp.tv\/2026\/cidh-declara-responsable-al-estado-mexicano-por-muerte-de-ernestina-ascencio\/","title":{"rendered":"CIDH declara responsable al Estado mexicano por muerte de Ernestina Ascencio"},"content":{"rendered":"<p style=\"text-align: justify;\">M\u00e9xico.- La Corte Interamericana de Derechos Humanos (Corte IDH) notific\u00f3 este 16 de diciembre una sentencia en la que declara al Estado mexicano responsable internacionalmente por la violaci\u00f3n sexual, tortura y muerte de Ernestina Ascencio Rosario, mujer ind\u00edgena n\u00e1huatl de 73 a\u00f1os, as\u00ed como por la negaci\u00f3n de acceso a la justicia a sus familiares.<\/p>\n<p style=\"text-align: justify;\">El tribunal determin\u00f3 que los hechos ocurrieron en febrero de 2007 en la comunidad de Tetlalzinga, Veracruz, y que fueron perpetrados por integrantes del Ej\u00e9rcito mexicano, en un contexto de militarizaci\u00f3n asociado a la estrategia de seguridad implementada ese a\u00f1o. La agresi\u00f3n fue calificada expresamente como un acto de tortura.<\/p>\n<p style=\"text-align: justify;\">La Corte tambi\u00e9n concluy\u00f3 que el Estado incumpli\u00f3 su deber de brindar atenci\u00f3n m\u00e9dica adecuada y oportuna. Ascencio Rosario falleci\u00f3 en un hospital sin recibir intervenci\u00f3n quir\u00fargica, tras un traslado de aproximadamente diez horas. El fallo subray\u00f3 la ausencia de int\u00e9rpretes de n\u00e1huatl, lo que impidi\u00f3 una comunicaci\u00f3n efectiva con el personal m\u00e9dico y constituy\u00f3 una violaci\u00f3n al derecho a la salud, en un contexto de barreras ling\u00fc\u00edsticas y culturales.<\/p>\n<p style=\"text-align: justify;\">En cuanto a la actuaci\u00f3n ministerial, el tribunal estableci\u00f3 que la investigaci\u00f3n no se condujo con la debida diligencia reforzada exigida en casos de violencia sexual contra mujeres ind\u00edgenas adultas mayores. Se\u00f1al\u00f3 que la indagatoria fue cerrada de manera prematura, careci\u00f3 de perspectiva de g\u00e9nero, \u00e9tnica y etaria, y se sustent\u00f3 en estereotipos que desacreditaron los testimonios de la v\u00edctima y de sus familiares.<\/p>\n<p style=\"text-align: justify;\">Asimismo, la Corte acredit\u00f3 que los hijos de Ernestina Ascencio enfrentaron obst\u00e1culos estructurales para acceder a la justicia debido a su condici\u00f3n de personas ind\u00edgenas monoling\u00fces, adem\u00e1s de presiones e intimidaciones, lo que vulner\u00f3 sus derechos a la integridad personal y a la verdad.<\/p>\n<p style=\"text-align: justify;\">Con base en estos elementos, el tribunal declar\u00f3 la violaci\u00f3n de m\u00faltiples derechos reconocidos en la Convenci\u00f3n Americana sobre Derechos Humanos y otros instrumentos internacionales.<\/p>\n<p style=\"text-align: justify;\">Como medidas de reparaci\u00f3n, la Corte orden\u00f3 al Estado mexicano reabrir la investigaci\u00f3n penal, brindar atenci\u00f3n m\u00e9dica y psicol\u00f3gica a los familiares, realizar un acto p\u00fablico de reconocimiento de responsabilidad, capacitar a funcionarios p\u00fablicos, fortalecer un centro de atenci\u00f3n especializada, y crear un Registro Nacional de Int\u00e9rpretes y Traductores en Lenguas Ind\u00edgenas para los sistemas de salud y justicia.<\/p>\n","protected":false},"excerpt":{"rendered":"<p>M\u00e9xico.- La Corte Interamericana de Derechos Humanos (Corte IDH) notific\u00f3 este 16 de diciembre una sentencia en la que declara al Estado mexicano responsable internacionalmente por la violaci\u00f3n sexual, tortura y muerte de Ernestina Ascencio Rosario, mujer ind\u00edgena n\u00e1huatl de 73 a\u00f1os, as\u00ed como por la negaci\u00f3n de acceso a la justicia a sus familiares. El tribunal determin\u00f3 que los hechos ocurrieron en febrero de 2007 en la comunidad de Tetlalzinga, Veracruz, y que fueron perpetrados por integrantes del Ej\u00e9rcito mexicano, en un contexto de militarizaci\u00f3n asociado a la estrategia de seguridad implementada ese a\u00f1o. La agresi\u00f3n fue calificada expresamente [&hellip;]<\/p>\n","protected":false},"author":2,"featured_media":187996,"comment_status":"closed","ping_status":"closed","sticky":false,"template":"","format":"standard","meta":{"_monsterinsights_skip_tracking":false,"_monsterinsights_sitenote_active":false,"_monsterinsights_sitenote_note":"","_monsterinsights_sitenote_category":0,"footnotes":""},"categories":[46],"tags":[],"class_list":["post-187995","post","type-post","status-publish","format-standard","has-post-thumbnail","hentry","category-nacional","post--single"],"_links":{"self":[{"href":"https:\/\/canal7slp.tv\/2026\/wp-json\/wp\/v2\/posts\/187995","targetHints":{"allow":["GET"]}}],"collection":[{"href":"https:\/\/canal7slp.tv\/2026\/wp-json\/wp\/v2\/posts"}],"about":[{"href":"https:\/\/canal7slp.tv\/2026\/wp-json\/wp\/v2\/types\/post"}],"author":[{"embeddable":true,"href":"https:\/\/canal7slp.tv\/2026\/wp-json\/wp\/v2\/users\/2"}],"replies":[{"embeddable":true,"href":"https:\/\/canal7slp.tv\/2026\/wp-json\/wp\/v2\/comments?post=187995"}],"version-history":[{"count":1,"href":"https:\/\/canal7slp.tv\/2026\/wp-json\/wp\/v2\/posts\/187995\/revisions"}],"predecessor-version":[{"id":187997,"href":"https:\/\/canal7slp.tv\/2026\/wp-json\/wp\/v2\/posts\/187995\/revisions\/187997"}],"wp:featuredmedia":[{"embeddable":true,"href":"https:\/\/canal7slp.tv\/2026\/wp-json\/wp\/v2\/media\/187996"}],"wp:attachment":[{"href":"https:\/\/canal7slp.tv\/2026\/wp-json\/wp\/v2\/media?parent=187995"}],"wp:term":[{"taxonomy":"category","embeddable":true,"href":"https:\/\/canal7slp.tv\/2026\/wp-json\/wp\/v2\/categories?post=187995"},{"taxonomy":"post_tag","embeddable":true,"href":"https:\/\/canal7slp.tv\/2026\/wp-json\/wp\/v2\/tags?post=187995"}],"curies":[{"name":"wp","href":"https:\/\/api.w.org\/{rel}","templated":true}]}}