{"id":187989,"date":"2025-12-16T16:17:26","date_gmt":"2025-12-16T22:17:26","guid":{"rendered":"https:\/\/canal7slp.tv\/2026\/?p=187989"},"modified":"2025-12-16T16:17:26","modified_gmt":"2025-12-16T22:17:26","slug":"investigan-muerte-de-militar-en-casa-presidencial-argentina","status":"publish","type":"post","link":"https:\/\/canal7slp.tv\/2026\/investigan-muerte-de-militar-en-casa-presidencial-argentina\/","title":{"rendered":"Investigan muerte de militar en Casa Presidencial argentina"},"content":{"rendered":"<p style=\"text-align: justify;\">Buenos Aires.- Un efectivo militar asignado a la seguridad de la residencia presidencial argentina fue hallado sin vida durante la madrugada de este martes en el interior del predio de la Quinta Presidencial de Olivos, inform\u00f3 la Presidencia de la Naci\u00f3n mediante un comunicado oficial.<\/p>\n<p style=\"text-align: justify;\">El soldado, cuya identidad no ha sido revelada, formaba parte del cuerpo de custodia presidencial en la residencia ubicada en las afueras de Buenos Aires. Tras el hallazgo, autoridades judiciales iniciaron una investigaci\u00f3n para esclarecer las circunstancias del deceso.<\/p>\n<p style=\"text-align: justify;\">De acuerdo con la Vocer\u00eda Presidencial, la principal l\u00ednea de investigaci\u00f3n apunta a un presunto suicidio. El caso qued\u00f3 a cargo del juzgado federal de San Isidro, encabezado por la jueza Sandra Arroyo Salgado, quien orden\u00f3 la intervenci\u00f3n de fuerzas federales para la realizaci\u00f3n de las pericias correspondientes.<\/p>\n<p style=\"text-align: justify;\">La Presidencia precis\u00f3 que cualquier informaci\u00f3n adicional ser\u00e1 comunicada exclusivamente por la autoridad judicial, conforme avance la investigaci\u00f3n.<\/p>\n<p style=\"text-align: justify;\">Asimismo, se inform\u00f3 que el presidente Javier Milei, en nombre del Gobierno nacional, expres\u00f3 sus condolencias a la familia del militar fallecido.<\/p>\n","protected":false},"excerpt":{"rendered":"<p>Buenos Aires.- Un efectivo militar asignado a la seguridad de la residencia presidencial argentina fue hallado sin vida durante la madrugada de este martes en el interior del predio de la Quinta Presidencial de Olivos, inform\u00f3 la Presidencia de la Naci\u00f3n mediante un comunicado oficial. El soldado, cuya identidad no ha sido revelada, formaba parte del cuerpo de custodia presidencial en la residencia ubicada en las afueras de Buenos Aires. Tras el hallazgo, autoridades judiciales iniciaron una investigaci\u00f3n para esclarecer las circunstancias del deceso. De acuerdo con la Vocer\u00eda Presidencial, la principal l\u00ednea de investigaci\u00f3n apunta a un presunto suicidio. [&hellip;]<\/p>\n","protected":false},"author":2,"featured_media":187990,"comment_status":"closed","ping_status":"closed","sticky":false,"template":"","format":"standard","meta":{"_monsterinsights_skip_tracking":false,"_monsterinsights_sitenote_active":false,"_monsterinsights_sitenote_note":"","_monsterinsights_sitenote_category":0,"footnotes":""},"categories":[44],"tags":[],"class_list":["post-187989","post","type-post","status-publish","format-standard","has-post-thumbnail","hentry","category-internacional","post--single"],"_links":{"self":[{"href":"https:\/\/canal7slp.tv\/2026\/wp-json\/wp\/v2\/posts\/187989","targetHints":{"allow":["GET"]}}],"collection":[{"href":"https:\/\/canal7slp.tv\/2026\/wp-json\/wp\/v2\/posts"}],"about":[{"href":"https:\/\/canal7slp.tv\/2026\/wp-json\/wp\/v2\/types\/post"}],"author":[{"embeddable":true,"href":"https:\/\/canal7slp.tv\/2026\/wp-json\/wp\/v2\/users\/2"}],"replies":[{"embeddable":true,"href":"https:\/\/canal7slp.tv\/2026\/wp-json\/wp\/v2\/comments?post=187989"}],"version-history":[{"count":1,"href":"https:\/\/canal7slp.tv\/2026\/wp-json\/wp\/v2\/posts\/187989\/revisions"}],"predecessor-version":[{"id":187991,"href":"https:\/\/canal7slp.tv\/2026\/wp-json\/wp\/v2\/posts\/187989\/revisions\/187991"}],"wp:featuredmedia":[{"embeddable":true,"href":"https:\/\/canal7slp.tv\/2026\/wp-json\/wp\/v2\/media\/187990"}],"wp:attachment":[{"href":"https:\/\/canal7slp.tv\/2026\/wp-json\/wp\/v2\/media?parent=187989"}],"wp:term":[{"taxonomy":"category","embeddable":true,"href":"https:\/\/canal7slp.tv\/2026\/wp-json\/wp\/v2\/categories?post=187989"},{"taxonomy":"post_tag","embeddable":true,"href":"https:\/\/canal7slp.tv\/2026\/wp-json\/wp\/v2\/tags?post=187989"}],"curies":[{"name":"wp","href":"https:\/\/api.w.org\/{rel}","templated":true}]}}