{"id":187977,"date":"2025-12-16T15:22:46","date_gmt":"2025-12-16T21:22:46","guid":{"rendered":"https:\/\/canal7slp.tv\/2026\/?p=187977"},"modified":"2025-12-16T15:22:46","modified_gmt":"2025-12-16T21:22:46","slug":"sebastian-brenes-segundo-lugar-en-etapa-dos-de-la-vuelta-a-costa-rica","status":"publish","type":"post","link":"https:\/\/canal7slp.tv\/2026\/sebastian-brenes-segundo-lugar-en-etapa-dos-de-la-vuelta-a-costa-rica\/","title":{"rendered":"Sebasti\u00e1n Brenes segundo lugar en etapa dos de la Vuelta a Costa Rica"},"content":{"rendered":"<p style=\"text-align: justify;\">SLP.- Se disput\u00f3 la segunda etapa de \u201cLa Vuelta a Costa Rica\u201d, d\u00eda en el que los integrantes del equipo potosino de ciclismo tuvieron gran actuaci\u00f3n coloc\u00e1ndose en punta buscando la victoria quedando a escasos metros de lograrlo.<\/p>\n<p style=\"text-align: justify;\">Desgaste y constante tensi\u00f3n en el pelot\u00f3n as\u00ed se vivieron los 161.6 kil\u00f3metros de recorrido que dio inicio en Alajuela, la victoria con sprint final en Gu\u00e1piles teniendo en el peque\u00f1o grupo de tres que se lanzaban por la segunda bandera a cuadro se encontraba Sebasti\u00e1n Brenes quien desde kil\u00f3metros atr\u00e1s hab\u00eda tomado la delantera tratando de dar el salto.<\/p>\n<p style=\"text-align: justify;\">Sebasti\u00e1n Brenes trabaj\u00f3 fuertemente con sus compa\u00f1eros buscando fugas largas y ataques estrat\u00e9gicos que lo permitieran, al final pocos metros lo dejan con la segunda posici\u00f3n.<\/p>\n<p style=\"text-align: justify;\">Para los resultados de la etapa 2, el mejor colocado fue Sebasti\u00e1n Brenes al cruzar la meta en la segunda posici\u00f3n marcando mismo tiempo del ganador, atr\u00e1s sus compa\u00f1eros de equipo arribaban en 27 Alex Gil, 28 Heiner Parra, 32 Efr\u00e9n Santos, 54 Owen Wright, 55 Ignacio Prado y 70 Cormac McGeough.<\/p>\n","protected":false},"excerpt":{"rendered":"<p>SLP.- Se disput\u00f3 la segunda etapa de \u201cLa Vuelta a Costa Rica\u201d, d\u00eda en el que los integrantes del equipo potosino de ciclismo tuvieron gran actuaci\u00f3n coloc\u00e1ndose en punta buscando la victoria quedando a escasos metros de lograrlo. Desgaste y constante tensi\u00f3n en el pelot\u00f3n as\u00ed se vivieron los 161.6 kil\u00f3metros de recorrido que dio inicio en Alajuela, la victoria con sprint final en Gu\u00e1piles teniendo en el peque\u00f1o grupo de tres que se lanzaban por la segunda bandera a cuadro se encontraba Sebasti\u00e1n Brenes quien desde kil\u00f3metros atr\u00e1s hab\u00eda tomado la delantera tratando de dar el salto. Sebasti\u00e1n Brenes [&hellip;]<\/p>\n","protected":false},"author":2,"featured_media":187979,"comment_status":"closed","ping_status":"closed","sticky":false,"template":"","format":"video","meta":{"_monsterinsights_skip_tracking":false,"_monsterinsights_sitenote_active":false,"_monsterinsights_sitenote_note":"","_monsterinsights_sitenote_category":0,"footnotes":""},"categories":[7,5],"tags":[],"class_list":["post-187977","post","type-post","status-publish","format-video","has-post-thumbnail","hentry","category-deportes","category-destacadas","post_format-post-format-video","post--single"],"_links":{"self":[{"href":"https:\/\/canal7slp.tv\/2026\/wp-json\/wp\/v2\/posts\/187977","targetHints":{"allow":["GET"]}}],"collection":[{"href":"https:\/\/canal7slp.tv\/2026\/wp-json\/wp\/v2\/posts"}],"about":[{"href":"https:\/\/canal7slp.tv\/2026\/wp-json\/wp\/v2\/types\/post"}],"author":[{"embeddable":true,"href":"https:\/\/canal7slp.tv\/2026\/wp-json\/wp\/v2\/users\/2"}],"replies":[{"embeddable":true,"href":"https:\/\/canal7slp.tv\/2026\/wp-json\/wp\/v2\/comments?post=187977"}],"version-history":[{"count":1,"href":"https:\/\/canal7slp.tv\/2026\/wp-json\/wp\/v2\/posts\/187977\/revisions"}],"predecessor-version":[{"id":187980,"href":"https:\/\/canal7slp.tv\/2026\/wp-json\/wp\/v2\/posts\/187977\/revisions\/187980"}],"wp:featuredmedia":[{"embeddable":true,"href":"https:\/\/canal7slp.tv\/2026\/wp-json\/wp\/v2\/media\/187979"}],"wp:attachment":[{"href":"https:\/\/canal7slp.tv\/2026\/wp-json\/wp\/v2\/media?parent=187977"}],"wp:term":[{"taxonomy":"category","embeddable":true,"href":"https:\/\/canal7slp.tv\/2026\/wp-json\/wp\/v2\/categories?post=187977"},{"taxonomy":"post_tag","embeddable":true,"href":"https:\/\/canal7slp.tv\/2026\/wp-json\/wp\/v2\/tags?post=187977"}],"curies":[{"name":"wp","href":"https:\/\/api.w.org\/{rel}","templated":true}]}}