{"id":187964,"date":"2025-12-16T12:59:43","date_gmt":"2025-12-16T18:59:43","guid":{"rendered":"https:\/\/canal7slp.tv\/2026\/?p=187964"},"modified":"2025-12-16T12:59:43","modified_gmt":"2025-12-16T18:59:43","slug":"ssa-llama-a-reforzar-vacunacion-contra-la-influenza","status":"publish","type":"post","link":"https:\/\/canal7slp.tv\/2026\/ssa-llama-a-reforzar-vacunacion-contra-la-influenza\/","title":{"rendered":"SSa llama a reforzar vacunaci\u00f3n contra la influenza"},"content":{"rendered":"<p style=\"text-align: justify;\">M\u00e9xico.- El secretario de Salud federal, David Kershenobich, llam\u00f3 a reforzar la vacunaci\u00f3n contra la influenza durante la temporada invernal, al asegurar que el biol\u00f3gico disponible en M\u00e9xico brinda protecci\u00f3n suficiente, incluso frente a la variante A H3N2 subclado K, que circula en otras regiones del mundo.<\/p>\n<p style=\"text-align: justify;\">En conferencia de prensa, el funcionario aclar\u00f3 que esta variante, a la que algunos medios han denominado \u201cs\u00faper gripe\u201d, no corresponde a una cepa distinta de las contempladas en la vacuna actual. Explic\u00f3 que su principal caracter\u00edstica es una mayor capacidad de contagio, pero subray\u00f3 que responde adecuadamente al tratamiento antiviral est\u00e1ndar, cuyo abasto est\u00e1 garantizado en el sistema p\u00fablico de salud.<\/p>\n<p style=\"text-align: justify;\">Kershenobich inform\u00f3 que solo se ha confirmado un caso de esta variante en el pa\u00eds, por lo que no representa un motivo de preocupaci\u00f3n, aunque se mantiene activa la vigilancia epidemiol\u00f3gica.<\/p>\n<p style=\"text-align: justify;\">Destac\u00f3 que M\u00e9xico cuenta con dosis suficientes de la vacuna producida a nivel nacional, conocida como Mexinvac, para atender a los grupos de mayor riesgo. Record\u00f3 que la inmunizaci\u00f3n reduce el riesgo de contagio, previene complicaciones graves y contribuye al control de la enfermedad.<\/p>\n<p style=\"text-align: justify;\">El secretario precis\u00f3 que deben vacunarse ni\u00f1as y ni\u00f1os de seis meses a cinco a\u00f1os, adultos mayores de 60 a\u00f1os y personas con enfermedades cr\u00f3nicas como diabetes, hipertensi\u00f3n, obesidad, asma o alg\u00fan tipo de inmunosupresi\u00f3n. Actualmente, la cobertura de vacunaci\u00f3n ronda el 50%, por lo que insisti\u00f3 en acudir a los centros de salud.<\/p>\n<p style=\"text-align: justify;\">Finalmente, se\u00f1al\u00f3 que el n\u00famero de casos registrados es similar al del a\u00f1o pasado, cuando la influenza se mantuvo bajo control gracias a la vacunaci\u00f3n, y concluy\u00f3 que, con vacuna y tratamiento disponibles, no se prev\u00e9 que la enfermedad represente un problema significativo durante esta temporada.<\/p>\n","protected":false},"excerpt":{"rendered":"<p>M\u00e9xico.- El secretario de Salud federal, David Kershenobich, llam\u00f3 a reforzar la vacunaci\u00f3n contra la influenza durante la temporada invernal, al asegurar que el biol\u00f3gico disponible en M\u00e9xico brinda protecci\u00f3n suficiente, incluso frente a la variante A H3N2 subclado K, que circula en otras regiones del mundo. En conferencia de prensa, el funcionario aclar\u00f3 que esta variante, a la que algunos medios han denominado \u201cs\u00faper gripe\u201d, no corresponde a una cepa distinta de las contempladas en la vacuna actual. Explic\u00f3 que su principal caracter\u00edstica es una mayor capacidad de contagio, pero subray\u00f3 que responde adecuadamente al tratamiento antiviral est\u00e1ndar, cuyo [&hellip;]<\/p>\n","protected":false},"author":2,"featured_media":187965,"comment_status":"closed","ping_status":"closed","sticky":false,"template":"","format":"standard","meta":{"_monsterinsights_skip_tracking":false,"_monsterinsights_sitenote_active":false,"_monsterinsights_sitenote_note":"","_monsterinsights_sitenote_category":0,"footnotes":""},"categories":[46],"tags":[],"class_list":["post-187964","post","type-post","status-publish","format-standard","has-post-thumbnail","hentry","category-nacional","post--single"],"_links":{"self":[{"href":"https:\/\/canal7slp.tv\/2026\/wp-json\/wp\/v2\/posts\/187964","targetHints":{"allow":["GET"]}}],"collection":[{"href":"https:\/\/canal7slp.tv\/2026\/wp-json\/wp\/v2\/posts"}],"about":[{"href":"https:\/\/canal7slp.tv\/2026\/wp-json\/wp\/v2\/types\/post"}],"author":[{"embeddable":true,"href":"https:\/\/canal7slp.tv\/2026\/wp-json\/wp\/v2\/users\/2"}],"replies":[{"embeddable":true,"href":"https:\/\/canal7slp.tv\/2026\/wp-json\/wp\/v2\/comments?post=187964"}],"version-history":[{"count":1,"href":"https:\/\/canal7slp.tv\/2026\/wp-json\/wp\/v2\/posts\/187964\/revisions"}],"predecessor-version":[{"id":187966,"href":"https:\/\/canal7slp.tv\/2026\/wp-json\/wp\/v2\/posts\/187964\/revisions\/187966"}],"wp:featuredmedia":[{"embeddable":true,"href":"https:\/\/canal7slp.tv\/2026\/wp-json\/wp\/v2\/media\/187965"}],"wp:attachment":[{"href":"https:\/\/canal7slp.tv\/2026\/wp-json\/wp\/v2\/media?parent=187964"}],"wp:term":[{"taxonomy":"category","embeddable":true,"href":"https:\/\/canal7slp.tv\/2026\/wp-json\/wp\/v2\/categories?post=187964"},{"taxonomy":"post_tag","embeddable":true,"href":"https:\/\/canal7slp.tv\/2026\/wp-json\/wp\/v2\/tags?post=187964"}],"curies":[{"name":"wp","href":"https:\/\/api.w.org\/{rel}","templated":true}]}}