{"id":187926,"date":"2025-12-15T23:23:58","date_gmt":"2025-12-16T05:23:58","guid":{"rendered":"https:\/\/canal7slp.tv\/2026\/?p=187926"},"modified":"2025-12-15T23:23:58","modified_gmt":"2025-12-16T05:23:58","slug":"la-presidenta-claudia-sheinbaum-en-desacuerdo-con-la-llamada-ley-gobernadora","status":"publish","type":"post","link":"https:\/\/canal7slp.tv\/2026\/la-presidenta-claudia-sheinbaum-en-desacuerdo-con-la-llamada-ley-gobernadora\/","title":{"rendered":"La presidenta Claudia Sheinbaum en desacuerdo con la llamada Ley Gobernadora"},"content":{"rendered":"<p style=\"text-align: justify;\"><span style=\"font-size: 1.21429rem;\">SLP.- Durante su conferencia de prensa matutina de este lunes 15 de Diciembre la presidenta Claudia Sheinbaum Pardo fij\u00f3 una postura sobre la reforma electoral aprobada por el Congreso del Estado este domingo,y en la que se establece que en San Luis Potos\u00ed solo habr\u00e1 mujeres candidatas a la gubernatura en las elecciones del 2027.<\/span><\/p>\n<p style=\"text-align: justify;\">En este contexto, la presidenta mostr\u00f3 su desacuerdo con la medida si \u00e9sta busca ser una ley con dedicatoria.<\/p>\n<p style=\"text-align: justify;\">La presidenta de M\u00e9xico opin\u00f3 que se tiene que revisar si dicha ley secundaria es constitucional especialmente si impone de manera forzosa, la postulaci\u00f3n exclusiva de mujeres para un periodo espec\u00edfico.<\/p>\n<p style=\"text-align: justify;\">En este contexto, reiter\u00f3 su postura contra el nepotismo sugiriendo que la reforma en San Luis Potos\u00ed podr\u00eda estar dise\u00f1ada, para que un mandatario herede el cargo a su c\u00f3nyuge al afirmar que se deben evitar pr\u00e1cticas de nepotismo y candidaturas a modo.<\/p>\n<p style=\"text-align: justify;\">Por: Claudio Ibarra<\/p>\n","protected":false},"excerpt":{"rendered":"<p>SLP.- Durante su conferencia de prensa matutina de este lunes 15 de Diciembre la presidenta Claudia Sheinbaum Pardo fij\u00f3 una postura sobre la reforma electoral aprobada por el Congreso del Estado este domingo,y en la que se establece que en San Luis Potos\u00ed solo habr\u00e1 mujeres candidatas a la gubernatura en las elecciones del 2027. En este contexto, la presidenta mostr\u00f3 su desacuerdo con la medida si \u00e9sta busca ser una ley con dedicatoria. La presidenta de M\u00e9xico opin\u00f3 que se tiene que revisar si dicha ley secundaria es constitucional especialmente si impone de manera forzosa, la postulaci\u00f3n exclusiva de [&hellip;]<\/p>\n","protected":false},"author":2,"featured_media":187940,"comment_status":"closed","ping_status":"closed","sticky":false,"template":"","format":"video","meta":{"_monsterinsights_skip_tracking":false,"_monsterinsights_sitenote_active":false,"_monsterinsights_sitenote_note":"","_monsterinsights_sitenote_category":0,"footnotes":""},"categories":[5,45],"tags":[],"class_list":["post-187926","post","type-post","status-publish","format-video","has-post-thumbnail","hentry","category-destacadas","category-localesyregionales","post_format-post-format-video","post--single"],"_links":{"self":[{"href":"https:\/\/canal7slp.tv\/2026\/wp-json\/wp\/v2\/posts\/187926","targetHints":{"allow":["GET"]}}],"collection":[{"href":"https:\/\/canal7slp.tv\/2026\/wp-json\/wp\/v2\/posts"}],"about":[{"href":"https:\/\/canal7slp.tv\/2026\/wp-json\/wp\/v2\/types\/post"}],"author":[{"embeddable":true,"href":"https:\/\/canal7slp.tv\/2026\/wp-json\/wp\/v2\/users\/2"}],"replies":[{"embeddable":true,"href":"https:\/\/canal7slp.tv\/2026\/wp-json\/wp\/v2\/comments?post=187926"}],"version-history":[{"count":2,"href":"https:\/\/canal7slp.tv\/2026\/wp-json\/wp\/v2\/posts\/187926\/revisions"}],"predecessor-version":[{"id":187941,"href":"https:\/\/canal7slp.tv\/2026\/wp-json\/wp\/v2\/posts\/187926\/revisions\/187941"}],"wp:featuredmedia":[{"embeddable":true,"href":"https:\/\/canal7slp.tv\/2026\/wp-json\/wp\/v2\/media\/187940"}],"wp:attachment":[{"href":"https:\/\/canal7slp.tv\/2026\/wp-json\/wp\/v2\/media?parent=187926"}],"wp:term":[{"taxonomy":"category","embeddable":true,"href":"https:\/\/canal7slp.tv\/2026\/wp-json\/wp\/v2\/categories?post=187926"},{"taxonomy":"post_tag","embeddable":true,"href":"https:\/\/canal7slp.tv\/2026\/wp-json\/wp\/v2\/tags?post=187926"}],"curies":[{"name":"wp","href":"https:\/\/api.w.org\/{rel}","templated":true}]}}