{"id":187898,"date":"2025-12-15T18:21:57","date_gmt":"2025-12-16T00:21:57","guid":{"rendered":"https:\/\/canal7slp.tv\/2026\/?p=187898"},"modified":"2025-12-15T18:21:58","modified_gmt":"2025-12-16T00:21:58","slug":"jose-antonio-kast-gana-la-presidencia-de-chile","status":"publish","type":"post","link":"https:\/\/canal7slp.tv\/2026\/jose-antonio-kast-gana-la-presidencia-de-chile\/","title":{"rendered":"Jos\u00e9 Antonio Kast gana la presidencia de Chile"},"content":{"rendered":"<p style=\"text-align: justify;\">Santiago de Chile.- El Servicio Electoral de Chile confirm\u00f3 la elecci\u00f3n de Jos\u00e9 Antonio Kast como presidente de la Rep\u00fablica para el periodo 2026-2030, tras imponerse en la segunda vuelta electoral con una ventaja cercana a los 20 puntos porcentuales sobre la candidata de izquierda, Jeannette Jara.<\/p>\n<p style=\"text-align: justify;\">El abogado y exdiputado, l\u00edder del Partido Republicano, se convertir\u00e1 en el primer presidente abiertamente identificado con el pinochetismo desde el retorno a la democracia. Durante su juventud particip\u00f3 en campa\u00f1as a favor de la continuidad del r\u00e9gimen militar y, en procesos electorales anteriores, afirm\u00f3 que el exdictador Augusto Pinochet habr\u00eda votado por \u00e9l de estar vivo.<\/p>\n<p style=\"text-align: justify;\">El presidente en funciones, Gabriel Boric, reconoci\u00f3 p\u00fablicamente el resultado a trav\u00e9s de redes sociales, felicit\u00f3 al mandatario electo y reiter\u00f3 el compromiso del Estado con un traspaso de mando ordenado. Subray\u00f3 adem\u00e1s la legitimidad del proceso y la solidez de las instituciones democr\u00e1ticas del pa\u00eds.<\/p>\n<p style=\"text-align: justify;\">El programa de gobierno de Kast prioriza una agenda de seguridad p\u00fablica, con medidas m\u00e1s restrictivas frente a la delincuencia y la migraci\u00f3n irregular, as\u00ed como un plan de ajuste fiscal. El presidente electo ha se\u00f1alado que su administraci\u00f3n se enfocar\u00e1 en las \u201curgencias de los chilenos\u201d, por encima de debates culturales, aunque sin renunciar a sus convicciones personales.<\/p>\n<p style=\"text-align: justify;\">Analistas se\u00f1alan que la figura de Kast representa una corriente de derecha que ha logrado consolidarse y expandirse dentro del escenario pol\u00edtico chileno, captando parte del electorado de la coalici\u00f3n tradicional Chile Vamos. Su victoria se inscribe en una tendencia regional que ha llevado al poder a l\u00edderes conservadores o de derecha en pa\u00edses como Argentina y Brasil.<\/p>\n<p style=\"text-align: justify;\">La transici\u00f3n de mando est\u00e1 prevista para el 11 de marzo.<\/p>\n","protected":false},"excerpt":{"rendered":"<p>Santiago de Chile.- El Servicio Electoral de Chile confirm\u00f3 la elecci\u00f3n de Jos\u00e9 Antonio Kast como presidente de la Rep\u00fablica para el periodo 2026-2030, tras imponerse en la segunda vuelta electoral con una ventaja cercana a los 20 puntos porcentuales sobre la candidata de izquierda, Jeannette Jara. El abogado y exdiputado, l\u00edder del Partido Republicano, se convertir\u00e1 en el primer presidente abiertamente identificado con el pinochetismo desde el retorno a la democracia. Durante su juventud particip\u00f3 en campa\u00f1as a favor de la continuidad del r\u00e9gimen militar y, en procesos electorales anteriores, afirm\u00f3 que el exdictador Augusto Pinochet habr\u00eda votado por [&hellip;]<\/p>\n","protected":false},"author":2,"featured_media":187899,"comment_status":"closed","ping_status":"closed","sticky":false,"template":"","format":"video","meta":{"_monsterinsights_skip_tracking":false,"_monsterinsights_sitenote_active":false,"_monsterinsights_sitenote_note":"","_monsterinsights_sitenote_category":0,"footnotes":""},"categories":[44],"tags":[],"class_list":["post-187898","post","type-post","status-publish","format-video","has-post-thumbnail","hentry","category-internacional","post_format-post-format-video","post--single"],"_links":{"self":[{"href":"https:\/\/canal7slp.tv\/2026\/wp-json\/wp\/v2\/posts\/187898","targetHints":{"allow":["GET"]}}],"collection":[{"href":"https:\/\/canal7slp.tv\/2026\/wp-json\/wp\/v2\/posts"}],"about":[{"href":"https:\/\/canal7slp.tv\/2026\/wp-json\/wp\/v2\/types\/post"}],"author":[{"embeddable":true,"href":"https:\/\/canal7slp.tv\/2026\/wp-json\/wp\/v2\/users\/2"}],"replies":[{"embeddable":true,"href":"https:\/\/canal7slp.tv\/2026\/wp-json\/wp\/v2\/comments?post=187898"}],"version-history":[{"count":1,"href":"https:\/\/canal7slp.tv\/2026\/wp-json\/wp\/v2\/posts\/187898\/revisions"}],"predecessor-version":[{"id":187900,"href":"https:\/\/canal7slp.tv\/2026\/wp-json\/wp\/v2\/posts\/187898\/revisions\/187900"}],"wp:featuredmedia":[{"embeddable":true,"href":"https:\/\/canal7slp.tv\/2026\/wp-json\/wp\/v2\/media\/187899"}],"wp:attachment":[{"href":"https:\/\/canal7slp.tv\/2026\/wp-json\/wp\/v2\/media?parent=187898"}],"wp:term":[{"taxonomy":"category","embeddable":true,"href":"https:\/\/canal7slp.tv\/2026\/wp-json\/wp\/v2\/categories?post=187898"},{"taxonomy":"post_tag","embeddable":true,"href":"https:\/\/canal7slp.tv\/2026\/wp-json\/wp\/v2\/tags?post=187898"}],"curies":[{"name":"wp","href":"https:\/\/api.w.org\/{rel}","templated":true}]}}