{"id":187873,"date":"2025-12-15T16:36:51","date_gmt":"2025-12-15T22:36:51","guid":{"rendered":"https:\/\/canal7slp.tv\/2026\/?p=187873"},"modified":"2025-12-15T16:36:51","modified_gmt":"2025-12-15T22:36:51","slug":"unesco-alerta-retroceso-global-de-la-libertad-de-expresion","status":"publish","type":"post","link":"https:\/\/canal7slp.tv\/2026\/unesco-alerta-retroceso-global-de-la-libertad-de-expresion\/","title":{"rendered":"UNESCO alerta retroceso global de la libertad de expresi\u00f3n"},"content":{"rendered":"<p style=\"text-align: justify;\">\n<p style=\"text-align: justify;\">Paris.- La Organizaci\u00f3n de las Naciones Unidas para la Educaci\u00f3n, la Ciencia y la Cultura (UNESCO) advirti\u00f3 un descenso global del 10% en los niveles de libertad de expresi\u00f3n entre 2012 y 2024, una ca\u00edda cuya magnitud resulta comparable con periodos hist\u00f3ricos marcados por altos niveles de tensi\u00f3n internacional.<\/p>\n<p style=\"text-align: justify;\">De acuerdo con el informe \u201cTendencias mundiales, periodismo: configurando un mundo en paz 2022\/2025\u201d, este retroceso est\u00e1 vinculado a m\u00faltiples factores, entre ellos el aumento de la autocensura entre periodistas, el debilitamiento de instituciones democr\u00e1ticas como los parlamentos y el poder judicial, la p\u00e9rdida de confianza p\u00fablica y una creciente polarizaci\u00f3n social.<\/p>\n<p style=\"text-align: justify;\">El an\u00e1lisis se\u00f1ala adem\u00e1s que este deterioro coincide con un incremento de la hostilidad hacia periodistas, cient\u00edficos e investigadores ambientales, as\u00ed como con el predominio de grandes corporaciones tecnol\u00f3gicas, lo que ha generado un entorno favorable para la desinformaci\u00f3n y los discursos de odio en l\u00ednea. La inteligencia artificial generativa es identificada como un factor que, en los \u00faltimos dos a\u00f1os, ha profundizado la crisis de los medios de comunicaci\u00f3n tradicionales.<\/p>\n<p style=\"text-align: justify;\">Los datos muestran que la contracci\u00f3n del \u00edndice de libertad de expresi\u00f3n se aceler\u00f3 a partir de 2020, alcanzando una tasa anual del 1.30% entre 2022 y 2024, superior al promedio del periodo 2012-2024, que fue de 0.86%. El \u00edndice se construye con base en una base de datos global que eval\u00faa aspectos como la censura medi\u00e1tica, el acoso a periodistas y la libertad acad\u00e9mica y cultural.<\/p>\n<p style=\"text-align: justify;\">En materia de seguridad, el informe documenta un incremento del 67% en el n\u00famero de periodistas asesinados entre 2022 y 2025, con 185 casos, frente al cuatrienio anterior. Tan solo en 2025 se registraron 91 muertes, de las cuales 41% correspondieron a ataques deliberados. La impunidad contin\u00faa siendo elevada, con 85% de los cr\u00edmenes sin condena hasta 2024.<\/p>\n<p style=\"text-align: justify;\">La autocensura period\u00edstica creci\u00f3 en promedio 5% anual, acumulando un aumento del 63% entre 2012 y 2024. Paralelamente, se report\u00f3 un incremento del 48% en leyes restrictivas y mecanismos de vigilancia digital, adem\u00e1s de un alza en el acoso en l\u00ednea y las demandas legales abusivas contra comunicadores.<\/p>\n<p style=\"text-align: justify;\">Los periodistas ambientales figuran entre los grupos m\u00e1s vulnerables, con 46 muertes registradas desde 2010 y 749 ataques documentados entre 2009 y 2023. En Am\u00e9rica Latina y el Caribe, cerca de mil informadores fueron forzados a desplazarse entre 2018 y 2024 debido a amenazas y violencia.<\/p>\n<p style=\"text-align: justify;\">\n","protected":false},"excerpt":{"rendered":"<p>Paris.- La Organizaci\u00f3n de las Naciones Unidas para la Educaci\u00f3n, la Ciencia y la Cultura (UNESCO) advirti\u00f3 un descenso global del 10% en los niveles de libertad de expresi\u00f3n entre 2012 y 2024, una ca\u00edda cuya magnitud resulta comparable con periodos hist\u00f3ricos marcados por altos niveles de tensi\u00f3n internacional. De acuerdo con el informe \u201cTendencias mundiales, periodismo: configurando un mundo en paz 2022\/2025\u201d, este retroceso est\u00e1 vinculado a m\u00faltiples factores, entre ellos el aumento de la autocensura entre periodistas, el debilitamiento de instituciones democr\u00e1ticas como los parlamentos y el poder judicial, la p\u00e9rdida de confianza p\u00fablica y una creciente polarizaci\u00f3n [&hellip;]<\/p>\n","protected":false},"author":2,"featured_media":187874,"comment_status":"closed","ping_status":"closed","sticky":false,"template":"","format":"standard","meta":{"_monsterinsights_skip_tracking":false,"_monsterinsights_sitenote_active":false,"_monsterinsights_sitenote_note":"","_monsterinsights_sitenote_category":0,"footnotes":""},"categories":[44],"tags":[],"class_list":["post-187873","post","type-post","status-publish","format-standard","has-post-thumbnail","hentry","category-internacional","post--single"],"_links":{"self":[{"href":"https:\/\/canal7slp.tv\/2026\/wp-json\/wp\/v2\/posts\/187873","targetHints":{"allow":["GET"]}}],"collection":[{"href":"https:\/\/canal7slp.tv\/2026\/wp-json\/wp\/v2\/posts"}],"about":[{"href":"https:\/\/canal7slp.tv\/2026\/wp-json\/wp\/v2\/types\/post"}],"author":[{"embeddable":true,"href":"https:\/\/canal7slp.tv\/2026\/wp-json\/wp\/v2\/users\/2"}],"replies":[{"embeddable":true,"href":"https:\/\/canal7slp.tv\/2026\/wp-json\/wp\/v2\/comments?post=187873"}],"version-history":[{"count":1,"href":"https:\/\/canal7slp.tv\/2026\/wp-json\/wp\/v2\/posts\/187873\/revisions"}],"predecessor-version":[{"id":187875,"href":"https:\/\/canal7slp.tv\/2026\/wp-json\/wp\/v2\/posts\/187873\/revisions\/187875"}],"wp:featuredmedia":[{"embeddable":true,"href":"https:\/\/canal7slp.tv\/2026\/wp-json\/wp\/v2\/media\/187874"}],"wp:attachment":[{"href":"https:\/\/canal7slp.tv\/2026\/wp-json\/wp\/v2\/media?parent=187873"}],"wp:term":[{"taxonomy":"category","embeddable":true,"href":"https:\/\/canal7slp.tv\/2026\/wp-json\/wp\/v2\/categories?post=187873"},{"taxonomy":"post_tag","embeddable":true,"href":"https:\/\/canal7slp.tv\/2026\/wp-json\/wp\/v2\/tags?post=187873"}],"curies":[{"name":"wp","href":"https:\/\/api.w.org\/{rel}","templated":true}]}}