{"id":187869,"date":"2025-12-15T16:31:26","date_gmt":"2025-12-15T22:31:26","guid":{"rendered":"https:\/\/canal7slp.tv\/2026\/?p=187869"},"modified":"2025-12-15T16:31:26","modified_gmt":"2025-12-15T22:31:26","slug":"no-existe-proyecto-de-un-cristo-monumental-en-la-joya-honda-segam","status":"publish","type":"post","link":"https:\/\/canal7slp.tv\/2026\/no-existe-proyecto-de-un-cristo-monumental-en-la-joya-honda-segam\/","title":{"rendered":"No existe proyecto de un Cristo monumental en La Joya Honda: SEGAM"},"content":{"rendered":"<p style=\"text-align: justify;\"><span style=\"font-size: 1.21429rem;\">SLP.- No existe actualmente ning\u00fan proyecto formal ni tr\u00e1mite ambiental en curso para la construcci\u00f3n de un cristo monumental en la Joya Honda, confirm\u00f3 la Secretar\u00eda de Ecolog\u00eda y Gesti\u00f3n Ambiental (Segam).<\/span><\/p>\n<p style=\"text-align: justify;\">Se precis\u00f3 que se trata de un \u00c1rea Natural Protegida de car\u00e1cter estatal que requiere autorizaciones espec\u00edficas antes de cualquier intervenci\u00f3n.<\/p>\n<p style=\"text-align: justify;\">\u201cEs un \u00e1rea natural protegida que tendr\u00eda que tener el visto bueno de la secretar\u00eda, es un \u00e1rea natural estatal, entonces, no hay expediente en la secretar\u00eda con el cual yo pueda decirles que ya se est\u00e1 tramitando\u201d, dijo la titular, Sonia Mendoza D\u00edaz.<\/p>\n<p style=\"text-align: justify;\">La Joya Honda es un cr\u00e1ter volc\u00e1nico ubicado en el municipio de Soledad de Graciano S\u00e1nchez y est\u00e1 catalogado como \u00e1rea natural protegida por su valor ecol\u00f3gico.<\/p>\n<p style=\"text-align: justify;\">Mendoza D\u00edaz reconoci\u00f3 que ha existido la intenci\u00f3n de impulsar un proyecto de este tipo, aunque subray\u00f3 que cualquier avance depender\u00e1 de que exista una propuesta formal y de la coordinaci\u00f3n entre autoridades municipales y estatales.<\/p>\n<p style=\"text-align: justify;\">\u201cLo estaremos platicando posteriormente, si tengo conocimiento que estaba la intenci\u00f3n obviamente el se\u00f1or gobernador de hacerlo y bueno yo espero que el municipio tenga los puentes necesarios como para poder nosotros apoyarlos\u201d, se\u00f1al\u00f3.<\/p>\n<p style=\"text-align: justify;\">La funcionaria insisti\u00f3 en que, sin un proyecto t\u00e9cnico presentado, no es posible emitir una postura definitiva, y record\u00f3 que la legislaci\u00f3n ambiental establece criterios estrictos para la protecci\u00f3n de estos espacios.<\/p>\n<p style=\"text-align: justify;\">\u201cNecesitar\u00eda yo conocer el proyecto para poderte dar alguna opini\u00f3n&#8230; Son \u00e1reas naturales donde no se puede lastimar la flora y la fauna nativas\u00bb, insisti\u00f3.<\/p>\n<p style=\"text-align: justify;\">Por: Jos\u00e9 Luis V\u00e1zquez<\/p>\n","protected":false},"excerpt":{"rendered":"<p>SLP.- No existe actualmente ning\u00fan proyecto formal ni tr\u00e1mite ambiental en curso para la construcci\u00f3n de un cristo monumental en la Joya Honda, confirm\u00f3 la Secretar\u00eda de Ecolog\u00eda y Gesti\u00f3n Ambiental (Segam). Se precis\u00f3 que se trata de un \u00c1rea Natural Protegida de car\u00e1cter estatal que requiere autorizaciones espec\u00edficas antes de cualquier intervenci\u00f3n. \u201cEs un \u00e1rea natural protegida que tendr\u00eda que tener el visto bueno de la secretar\u00eda, es un \u00e1rea natural estatal, entonces, no hay expediente en la secretar\u00eda con el cual yo pueda decirles que ya se est\u00e1 tramitando\u201d, dijo la titular, Sonia Mendoza D\u00edaz. La Joya Honda [&hellip;]<\/p>\n","protected":false},"author":2,"featured_media":187871,"comment_status":"closed","ping_status":"closed","sticky":false,"template":"","format":"video","meta":{"_monsterinsights_skip_tracking":false,"_monsterinsights_sitenote_active":false,"_monsterinsights_sitenote_note":"","_monsterinsights_sitenote_category":0,"footnotes":""},"categories":[5,45],"tags":[],"class_list":["post-187869","post","type-post","status-publish","format-video","has-post-thumbnail","hentry","category-destacadas","category-localesyregionales","post_format-post-format-video","post--single"],"_links":{"self":[{"href":"https:\/\/canal7slp.tv\/2026\/wp-json\/wp\/v2\/posts\/187869","targetHints":{"allow":["GET"]}}],"collection":[{"href":"https:\/\/canal7slp.tv\/2026\/wp-json\/wp\/v2\/posts"}],"about":[{"href":"https:\/\/canal7slp.tv\/2026\/wp-json\/wp\/v2\/types\/post"}],"author":[{"embeddable":true,"href":"https:\/\/canal7slp.tv\/2026\/wp-json\/wp\/v2\/users\/2"}],"replies":[{"embeddable":true,"href":"https:\/\/canal7slp.tv\/2026\/wp-json\/wp\/v2\/comments?post=187869"}],"version-history":[{"count":1,"href":"https:\/\/canal7slp.tv\/2026\/wp-json\/wp\/v2\/posts\/187869\/revisions"}],"predecessor-version":[{"id":187872,"href":"https:\/\/canal7slp.tv\/2026\/wp-json\/wp\/v2\/posts\/187869\/revisions\/187872"}],"wp:featuredmedia":[{"embeddable":true,"href":"https:\/\/canal7slp.tv\/2026\/wp-json\/wp\/v2\/media\/187871"}],"wp:attachment":[{"href":"https:\/\/canal7slp.tv\/2026\/wp-json\/wp\/v2\/media?parent=187869"}],"wp:term":[{"taxonomy":"category","embeddable":true,"href":"https:\/\/canal7slp.tv\/2026\/wp-json\/wp\/v2\/categories?post=187869"},{"taxonomy":"post_tag","embeddable":true,"href":"https:\/\/canal7slp.tv\/2026\/wp-json\/wp\/v2\/tags?post=187869"}],"curies":[{"name":"wp","href":"https:\/\/api.w.org\/{rel}","templated":true}]}}