{"id":187781,"date":"2025-12-13T13:31:03","date_gmt":"2025-12-13T19:31:03","guid":{"rendered":"https:\/\/canal7slp.tv\/2026\/?p=187781"},"modified":"2025-12-13T13:31:03","modified_gmt":"2025-12-13T19:31:03","slug":"muere-a-los-86-anos-abraham-quintanilla-padre-manager-de-selena","status":"publish","type":"post","link":"https:\/\/canal7slp.tv\/2026\/muere-a-los-86-anos-abraham-quintanilla-padre-manager-de-selena\/","title":{"rendered":"Muere a los 86 a\u00f1os Abraham Quintanilla, padre  m\u00e1nager de Selena"},"content":{"rendered":"<p style=\"text-align: justify;\">Abraham Quintanilla, padre de la cantante Selena Quintanilla y figura central en el desarrollo de su carrera art\u00edstica, falleci\u00f3 el pasado 12 de diciembre a los 86 a\u00f1os de edad. El deceso fue confirmado por uno de sus hijos a trav\u00e9s de un mensaje publicado en redes sociales.<\/p>\n<p style=\"text-align: justify;\">Nacido en 1939 en Corpus Christi, Texas, Abraham Quintanilla tuvo sus primeros acercamientos a la m\u00fasica como integrante de una banda durante su juventud. En la d\u00e9cada de 1980, al identificar el talento de sus hijos, promovi\u00f3 la creaci\u00f3n del grupo <em>Selena y Los Dinos<\/em>, del cual se desempe\u00f1\u00f3 como m\u00e1nager y productor. Bajo su direcci\u00f3n, la agrupaci\u00f3n se enfoc\u00f3 inicialmente en presentaciones en vivo y giras, sentando las bases de la carrera de Selena.<\/p>\n<p style=\"text-align: justify;\">En 1993 fund\u00f3 Q Productions, empresa destinada a administrar y proyectar la trayectoria art\u00edstica de la cantante a nivel internacional. Durante ese periodo, la relaci\u00f3n profesional y familiar atraves\u00f3 tensiones que fueron ampliamente conocidas, en particular por su oposici\u00f3n inicial a la relaci\u00f3n de Selena con el guitarrista Chris P\u00e9rez, situaci\u00f3n que deriv\u00f3 en un distanciamiento temporal y una posterior reconciliaci\u00f3n.<\/p>\n<p style=\"text-align: justify;\">Tras el asesinato de Selena en 1995, Abraham Quintanilla dedic\u00f3 gran parte de su vida a preservar y administrar su legado. Produjo \u00e1lbumes p\u00f3stumos, particip\u00f3 en documentales, impuls\u00f3 proyectos conmemorativos y cre\u00f3 una fundaci\u00f3n con el nombre de la artista. En 2021 public\u00f3 un libro de memorias en el que abord\u00f3 su experiencia personal y profesional.<\/p>\n<p style=\"text-align: justify;\">A lo largo de los a\u00f1os, su figura fue asociada en medios de comunicaci\u00f3n a una din\u00e1mica familiar marcada por la disciplina, la ambici\u00f3n compartida y un rol protector en la carrera de su hija, consolid\u00e1ndose como una pieza clave en la historia del legado de Selena Quintanilla.<\/p>\n","protected":false},"excerpt":{"rendered":"<p>Abraham Quintanilla, padre de la cantante Selena Quintanilla y figura central en el desarrollo de su carrera art\u00edstica, falleci\u00f3 el pasado 12 de diciembre a los 86 a\u00f1os de edad. El deceso fue confirmado por uno de sus hijos a trav\u00e9s de un mensaje publicado en redes sociales. Nacido en 1939 en Corpus Christi, Texas, Abraham Quintanilla tuvo sus primeros acercamientos a la m\u00fasica como integrante de una banda durante su juventud. En la d\u00e9cada de 1980, al identificar el talento de sus hijos, promovi\u00f3 la creaci\u00f3n del grupo Selena y Los Dinos, del cual se desempe\u00f1\u00f3 como m\u00e1nager y [&hellip;]<\/p>\n","protected":false},"author":2,"featured_media":187782,"comment_status":"closed","ping_status":"closed","sticky":false,"template":"","format":"standard","meta":{"_monsterinsights_skip_tracking":false,"_monsterinsights_sitenote_active":false,"_monsterinsights_sitenote_note":"","_monsterinsights_sitenote_category":0,"footnotes":""},"categories":[42],"tags":[],"class_list":["post-187781","post","type-post","status-publish","format-standard","has-post-thumbnail","hentry","category-espectaculos","post--single"],"_links":{"self":[{"href":"https:\/\/canal7slp.tv\/2026\/wp-json\/wp\/v2\/posts\/187781","targetHints":{"allow":["GET"]}}],"collection":[{"href":"https:\/\/canal7slp.tv\/2026\/wp-json\/wp\/v2\/posts"}],"about":[{"href":"https:\/\/canal7slp.tv\/2026\/wp-json\/wp\/v2\/types\/post"}],"author":[{"embeddable":true,"href":"https:\/\/canal7slp.tv\/2026\/wp-json\/wp\/v2\/users\/2"}],"replies":[{"embeddable":true,"href":"https:\/\/canal7slp.tv\/2026\/wp-json\/wp\/v2\/comments?post=187781"}],"version-history":[{"count":1,"href":"https:\/\/canal7slp.tv\/2026\/wp-json\/wp\/v2\/posts\/187781\/revisions"}],"predecessor-version":[{"id":187783,"href":"https:\/\/canal7slp.tv\/2026\/wp-json\/wp\/v2\/posts\/187781\/revisions\/187783"}],"wp:featuredmedia":[{"embeddable":true,"href":"https:\/\/canal7slp.tv\/2026\/wp-json\/wp\/v2\/media\/187782"}],"wp:attachment":[{"href":"https:\/\/canal7slp.tv\/2026\/wp-json\/wp\/v2\/media?parent=187781"}],"wp:term":[{"taxonomy":"category","embeddable":true,"href":"https:\/\/canal7slp.tv\/2026\/wp-json\/wp\/v2\/categories?post=187781"},{"taxonomy":"post_tag","embeddable":true,"href":"https:\/\/canal7slp.tv\/2026\/wp-json\/wp\/v2\/tags?post=187781"}],"curies":[{"name":"wp","href":"https:\/\/api.w.org\/{rel}","templated":true}]}}