{"id":187763,"date":"2025-12-14T09:35:42","date_gmt":"2025-12-14T15:35:42","guid":{"rendered":"https:\/\/canal7slp.tv\/2026\/?p=187763"},"modified":"2025-12-14T09:41:56","modified_gmt":"2025-12-14T15:41:56","slug":"acuerdos-voluntarios-entre-estado-y-empresas-con-alto-consumo-destaca-sener-con-el-objetivo-de-fortalecer-la-eficiencia","status":"publish","type":"post","link":"https:\/\/canal7slp.tv\/2026\/acuerdos-voluntarios-entre-estado-y-empresas-con-alto-consumo-destaca-sener-con-el-objetivo-de-fortalecer-la-eficiencia\/","title":{"rendered":"Acuerdos voluntarios entre Estado y empresas con alto consumo, destaca SENER, con el objetivo de fortalecer la eficiencia"},"content":{"rendered":"<p style=\"text-align: justify;\"><span style=\"font-size: 1.21429rem;\">SLP.- En el marco de la ceremonia de entrega de acuerdos voluntarios de eficiencia energ\u00e9tica a los sectores industrial, comercial y de servicios, entre el estado y empresas con alto consumo el\u00e9ctrico, el subsecretario de Planeaci\u00f3n y Transici\u00f3n Energ\u00e9tica de la Secretar\u00eda de Energ\u00eda (SENER), Jorge Marcial Islas Samperio, destac\u00f3 que esta iniciativa busca fortalecer el compromiso y colaboraci\u00f3n entre el gobierno y el sector privado -para adoptar y replicar buenas pr\u00e1cticas en procesos productivos de sus instalaciones-.<\/span><\/p>\n<p style=\"text-align: justify;\">La finalidad ser\u00eda optimizarlos y generar ahorro de energ\u00eda.<\/p>\n<p style=\"text-align: justify;\">En representaci\u00f3n de la Secretaria de Energ\u00eda, Luz Elena Gonz\u00e1lez Escobar, el subsecretario Islas Samperio subray\u00f3 que estos acuerdos forman parte de una pol\u00edtica responsable -orientada a generar bienestar en la poblaci\u00f3n, sin comprometer la confiabilidad de la infraestructura energ\u00e9tica, por un mayor consumo-.<\/p>\n<p style=\"text-align: justify;\">Con la presencia de Alejandro Malag\u00f3n Barrag\u00e1n -presidente de la Confederaci\u00f3n de C\u00e1maras Industriales de los Estados Unidos Mexicanos (CONCAMIN), as\u00ed como representantes de empresas, c\u00e1maras y asociaciones, el subsecretario record\u00f3 que en atenci\u00f3n a la presidenta, Claudia Sheinbaum Pardo, M\u00e9xico implementa un nuevo modelo energ\u00e9tico en el que la planeaci\u00f3n vinculante, la eficiencia y la justicia energ\u00e9tica se convierten en pilares.<\/p>\n<p style=\"text-align: justify;\">A los acuerdos voluntarios se adhirieron 24 instalaciones pertenecientes a 12 empresas, a trav\u00e9s de la Comisi\u00f3n Nacional para el Uso Eficiente de la Energ\u00eda (CONUEE).<\/p>\n<p style=\"text-align: justify;\">Su director general, Israel J\u00e1uregui Nares, se\u00f1al\u00f3 que adem\u00e1s de mejorar el desempe\u00f1o energ\u00e9tico, los acuerdos permiten que emisiones de Gases de Efecto Invernadero (GEI) disminuyan -y apoyan la descarbonizaci\u00f3n-.<\/p>\n<p style=\"text-align: justify;\">El titular de la CONUEE sostuvo que las empresas que suscriben el acuerdo voluntario demuestran su compromiso con M\u00e9xico y confianza al comprometerse a reducir p\u00e9rdidas y aprovechar oportunidades de ahorro de energ\u00eda para elevar productividad y competitividad.<\/p>\n<p style=\"text-align: justify;\">A nombre de las empresas participantes, Linda Miranda Molina -representante de firmantes perteneciente a Daikin- se\u00f1al\u00f3 que este acuerdo tiene una caracter\u00edstica que lo hace especialmente valioso: al ser voluntario.<\/p>\n<p style=\"text-align: justify;\">Resalt\u00f3 que la decisi\u00f3n de participar refleja convencimiento de que la eficiencia energ\u00e9tica no es un costo, sino progreso, competitividad, innovaci\u00f3n, responsabilidad con M\u00e9xico y las generaciones que vienen.<\/p>\n<p style=\"text-align: justify;\">Los acuerdos voluntarios de eficiencia energ\u00e9tica fueron suscritos por m\u00faltiples compa\u00f1\u00edas como Audi, British American Tobacco, Central Motzorongo, Heineken, Flex, General Motors, Grupo PIASA y Ternium.<\/p>\n<p style=\"text-align: justify;\">A trav\u00e9s de este instrumento, la Secretar\u00eda de Energ\u00eda busca fortalecer capacidades t\u00e9cnicas y gesti\u00f3n energ\u00e9tica de empresas que operan en M\u00e9xico -especialmente aquellas identificadas como Usuarios de Patr\u00f3n de Alto Consumo (UPAC)-.<\/p>\n<p style=\"text-align: justify;\">Al evento asimismo asistieron el subsecretario de Hidrocarburos, Juan Jos\u00e9 Vidal Amaro y el director general de la Comisi\u00f3n Nacional de Energ\u00eda (CNE), Juan Carlos Sol\u00eds \u00c1vila.<\/p>\n<p>Por: Paulina Rodr\u00edguez<\/p>\n","protected":false},"excerpt":{"rendered":"<p>SLP.- En el marco de la ceremonia de entrega de acuerdos voluntarios de eficiencia energ\u00e9tica a los sectores industrial, comercial y de servicios, entre el estado y empresas con alto consumo el\u00e9ctrico, el subsecretario de Planeaci\u00f3n y Transici\u00f3n Energ\u00e9tica de la Secretar\u00eda de Energ\u00eda (SENER), Jorge Marcial Islas Samperio, destac\u00f3 que esta iniciativa busca fortalecer el compromiso y colaboraci\u00f3n entre el gobierno y el sector privado -para adoptar y replicar buenas pr\u00e1cticas en procesos productivos de sus instalaciones-. La finalidad ser\u00eda optimizarlos y generar ahorro de energ\u00eda. En representaci\u00f3n de la Secretaria de Energ\u00eda, Luz Elena Gonz\u00e1lez Escobar, el subsecretario [&hellip;]<\/p>\n","protected":false},"author":2,"featured_media":187798,"comment_status":"closed","ping_status":"closed","sticky":false,"template":"","format":"video","meta":{"_monsterinsights_skip_tracking":false,"_monsterinsights_sitenote_active":false,"_monsterinsights_sitenote_note":"","_monsterinsights_sitenote_category":0,"footnotes":""},"categories":[5,45],"tags":[],"class_list":["post-187763","post","type-post","status-publish","format-video","has-post-thumbnail","hentry","category-destacadas","category-localesyregionales","post_format-post-format-video","post--single"],"_links":{"self":[{"href":"https:\/\/canal7slp.tv\/2026\/wp-json\/wp\/v2\/posts\/187763","targetHints":{"allow":["GET"]}}],"collection":[{"href":"https:\/\/canal7slp.tv\/2026\/wp-json\/wp\/v2\/posts"}],"about":[{"href":"https:\/\/canal7slp.tv\/2026\/wp-json\/wp\/v2\/types\/post"}],"author":[{"embeddable":true,"href":"https:\/\/canal7slp.tv\/2026\/wp-json\/wp\/v2\/users\/2"}],"replies":[{"embeddable":true,"href":"https:\/\/canal7slp.tv\/2026\/wp-json\/wp\/v2\/comments?post=187763"}],"version-history":[{"count":1,"href":"https:\/\/canal7slp.tv\/2026\/wp-json\/wp\/v2\/posts\/187763\/revisions"}],"predecessor-version":[{"id":187799,"href":"https:\/\/canal7slp.tv\/2026\/wp-json\/wp\/v2\/posts\/187763\/revisions\/187799"}],"wp:featuredmedia":[{"embeddable":true,"href":"https:\/\/canal7slp.tv\/2026\/wp-json\/wp\/v2\/media\/187798"}],"wp:attachment":[{"href":"https:\/\/canal7slp.tv\/2026\/wp-json\/wp\/v2\/media?parent=187763"}],"wp:term":[{"taxonomy":"category","embeddable":true,"href":"https:\/\/canal7slp.tv\/2026\/wp-json\/wp\/v2\/categories?post=187763"},{"taxonomy":"post_tag","embeddable":true,"href":"https:\/\/canal7slp.tv\/2026\/wp-json\/wp\/v2\/tags?post=187763"}],"curies":[{"name":"wp","href":"https:\/\/api.w.org\/{rel}","templated":true}]}}