{"id":187680,"date":"2025-12-12T16:13:00","date_gmt":"2025-12-12T22:13:00","guid":{"rendered":"https:\/\/canal7slp.tv\/2026\/?p=187680"},"modified":"2025-12-12T16:13:00","modified_gmt":"2025-12-12T22:13:00","slug":"confirman-primer-caso-de-influenza-h3n2-subclado-k-en-mexico","status":"publish","type":"post","link":"https:\/\/canal7slp.tv\/2026\/confirman-primer-caso-de-influenza-h3n2-subclado-k-en-mexico\/","title":{"rendered":"Confirman primer caso de influenza H3N2 subclado K en M\u00e9xico"},"content":{"rendered":"<ul style=\"text-align: justify;\">\n<li>Salud afirma no es motivo de alarma.<\/li>\n<\/ul>\n<p style=\"text-align: justify;\">M\u00e9xico.- El Instituto Nacional de Enfermedades Respiratorias (INER) confirm\u00f3 este viernes la detecci\u00f3n del primer caso de influenza virus A H3N2 subclado K en M\u00e9xico, una variante que ha sido denominada coloquialmente como \u00absuper gripa\u00bb.<\/p>\n<p style=\"text-align: justify;\">La Secretar\u00eda de Salud aclar\u00f3 en un comunicado que este hallazgo \u00abno representa un motivo de alarma para la poblaci\u00f3n\u00bb. Se\u00f1al\u00f3 que el paciente afectado respondi\u00f3 al tratamiento ambulatorio con medicaci\u00f3n antiviral y ya se encuentra recuperado.<\/p>\n<p style=\"text-align: justify;\">La dependencia explic\u00f3 que esta variante presenta caracter\u00edsticas similares a las de la influenza estacional que circula anualmente, su manejo cl\u00ednico es el mismo y la principal medida de prevenci\u00f3n sigue siendo la vacunaci\u00f3n. El Sistema Nacional de Vigilancia Epidemiol\u00f3gica (SINAVE) mantiene un monitoreo permanente para la detecci\u00f3n oportuna de casos.<\/p>\n<p style=\"text-align: justify;\">La Secretar\u00eda de Salud hizo un llamado a la poblaci\u00f3n a aplicarse las vacunas correspondientes a la temporada invernal, particularmente contra influenza, COVID-19 y neumococo, especialmente en grupos vulnerables como ni\u00f1os, adultos mayores, mujeres embarazadas, personal de salud y personas con comorbilidades.<\/p>\n<p style=\"text-align: justify;\">En caso de dar positivo a influenza, se recomienda atender la enfermedad de forma temprana, usar cubrebocas y mantener medidas de aislamiento.<\/p>\n","protected":false},"excerpt":{"rendered":"<p>Salud afirma no es motivo de alarma. M\u00e9xico.- El Instituto Nacional de Enfermedades Respiratorias (INER) confirm\u00f3 este viernes la detecci\u00f3n del primer caso de influenza virus A H3N2 subclado K en M\u00e9xico, una variante que ha sido denominada coloquialmente como \u00absuper gripa\u00bb. La Secretar\u00eda de Salud aclar\u00f3 en un comunicado que este hallazgo \u00abno representa un motivo de alarma para la poblaci\u00f3n\u00bb. Se\u00f1al\u00f3 que el paciente afectado respondi\u00f3 al tratamiento ambulatorio con medicaci\u00f3n antiviral y ya se encuentra recuperado. La dependencia explic\u00f3 que esta variante presenta caracter\u00edsticas similares a las de la influenza estacional que circula anualmente, su manejo cl\u00ednico [&hellip;]<\/p>\n","protected":false},"author":2,"featured_media":187681,"comment_status":"closed","ping_status":"closed","sticky":false,"template":"","format":"standard","meta":{"_monsterinsights_skip_tracking":false,"_monsterinsights_sitenote_active":false,"_monsterinsights_sitenote_note":"","_monsterinsights_sitenote_category":0,"footnotes":""},"categories":[46],"tags":[],"class_list":["post-187680","post","type-post","status-publish","format-standard","has-post-thumbnail","hentry","category-nacional","post--single"],"_links":{"self":[{"href":"https:\/\/canal7slp.tv\/2026\/wp-json\/wp\/v2\/posts\/187680","targetHints":{"allow":["GET"]}}],"collection":[{"href":"https:\/\/canal7slp.tv\/2026\/wp-json\/wp\/v2\/posts"}],"about":[{"href":"https:\/\/canal7slp.tv\/2026\/wp-json\/wp\/v2\/types\/post"}],"author":[{"embeddable":true,"href":"https:\/\/canal7slp.tv\/2026\/wp-json\/wp\/v2\/users\/2"}],"replies":[{"embeddable":true,"href":"https:\/\/canal7slp.tv\/2026\/wp-json\/wp\/v2\/comments?post=187680"}],"version-history":[{"count":1,"href":"https:\/\/canal7slp.tv\/2026\/wp-json\/wp\/v2\/posts\/187680\/revisions"}],"predecessor-version":[{"id":187682,"href":"https:\/\/canal7slp.tv\/2026\/wp-json\/wp\/v2\/posts\/187680\/revisions\/187682"}],"wp:featuredmedia":[{"embeddable":true,"href":"https:\/\/canal7slp.tv\/2026\/wp-json\/wp\/v2\/media\/187681"}],"wp:attachment":[{"href":"https:\/\/canal7slp.tv\/2026\/wp-json\/wp\/v2\/media?parent=187680"}],"wp:term":[{"taxonomy":"category","embeddable":true,"href":"https:\/\/canal7slp.tv\/2026\/wp-json\/wp\/v2\/categories?post=187680"},{"taxonomy":"post_tag","embeddable":true,"href":"https:\/\/canal7slp.tv\/2026\/wp-json\/wp\/v2\/tags?post=187680"}],"curies":[{"name":"wp","href":"https:\/\/api.w.org\/{rel}","templated":true}]}}