{"id":187580,"date":"2025-12-11T14:31:15","date_gmt":"2025-12-11T20:31:15","guid":{"rendered":"https:\/\/canal7slp.tv\/2026\/?p=187580"},"modified":"2025-12-11T14:31:15","modified_gmt":"2025-12-11T20:31:15","slug":"juez-amplia-de-plazo-de-investigacion-en-caso-de-julio-cesar-chavez-jr-por-vinculos-con-el-crimen-organizado","status":"publish","type":"post","link":"https:\/\/canal7slp.tv\/2026\/juez-amplia-de-plazo-de-investigacion-en-caso-de-julio-cesar-chavez-jr-por-vinculos-con-el-crimen-organizado\/","title":{"rendered":"Juez amplia de plazo de investigaci\u00f3n en caso de Julio C\u00e9sar Ch\u00e1vez Jr. por v\u00ednculos con el crimen organizado"},"content":{"rendered":"<p style=\"text-align: justify;\">Hermosillo.- Un juez federal en Hermosillo, Sonora, autoriz\u00f3 ampliar por tres meses el plazo de investigaci\u00f3n en el proceso penal contra el boxeador Julio C\u00e9sar Ch\u00e1vez Jr., quien est\u00e1 acusado de presuntos v\u00ednculos con el crimen organizado. La nueva fecha para la audiencia intermedia fue fijada para el 24 de febrero de 2026.<\/p>\n<p style=\"text-align: justify;\">Durante la audiencia, tanto el Ministerio P\u00fablico de la Fiscal\u00eda General de la Rep\u00fablica (FGR) como la defensa solicitaron la extensi\u00f3n del plazo. La fiscal\u00eda argument\u00f3 que tiene diligencias pendientes, incluyendo requerimientos a autoridades de Estados Unidos. Por su parte, la defensa se\u00f1al\u00f3 que necesita m\u00e1s tiempo para analizar dict\u00e1menes periciales y verificar audios obtenidos mediante intervenciones telef\u00f3nicas.<\/p>\n<p style=\"text-align: justify;\">El juez mantuvo al boxeador bajo libertad condicional, con las restricciones previamente impuestas de no salir del pa\u00eds y no acercarse a los agentes ministeriales involucrados en el caso.<\/p>\n<p style=\"text-align: justify;\">Julio C\u00e9sar Ch\u00e1vez Jr. fue vinculado a proceso el 23 de agosto de 2025 por presuntas conexiones con la facci\u00f3n de \u00abLa Chapiza\u00bb del C\u00e1rtel de Sinaloa, liderada por N\u00e9stor Isidro P\u00e9rez Salas, alias \u00abEl Nini\u00bb. La FGR present\u00f3 21 elementos de prueba, que incluyen intervenciones telef\u00f3nicas, informes de agencias estadounidenses y el hallazgo de una bata de boxeo autografiada en una propiedad relacionada. La defensa ha desestimado estas pruebas, calific\u00e1ndolas de rumores y referencias sin contexto verificable.<\/p>\n<p style=\"text-align: justify;\">El boxeador fue deportado desde Estados Unidos en agosto de 2025, luego de ser detenido por autoridades migratorias. Su equipo legal ha anunciado que mantiene planeado su regreso al ring para el 24 de enero de 2026.<\/p>\n","protected":false},"excerpt":{"rendered":"<p>Hermosillo.- Un juez federal en Hermosillo, Sonora, autoriz\u00f3 ampliar por tres meses el plazo de investigaci\u00f3n en el proceso penal contra el boxeador Julio C\u00e9sar Ch\u00e1vez Jr., quien est\u00e1 acusado de presuntos v\u00ednculos con el crimen organizado. La nueva fecha para la audiencia intermedia fue fijada para el 24 de febrero de 2026. Durante la audiencia, tanto el Ministerio P\u00fablico de la Fiscal\u00eda General de la Rep\u00fablica (FGR) como la defensa solicitaron la extensi\u00f3n del plazo. La fiscal\u00eda argument\u00f3 que tiene diligencias pendientes, incluyendo requerimientos a autoridades de Estados Unidos. Por su parte, la defensa se\u00f1al\u00f3 que necesita m\u00e1s tiempo [&hellip;]<\/p>\n","protected":false},"author":2,"featured_media":187581,"comment_status":"closed","ping_status":"closed","sticky":false,"template":"","format":"standard","meta":{"_monsterinsights_skip_tracking":false,"_monsterinsights_sitenote_active":false,"_monsterinsights_sitenote_note":"","_monsterinsights_sitenote_category":0,"footnotes":""},"categories":[46],"tags":[],"class_list":["post-187580","post","type-post","status-publish","format-standard","has-post-thumbnail","hentry","category-nacional","post--single"],"_links":{"self":[{"href":"https:\/\/canal7slp.tv\/2026\/wp-json\/wp\/v2\/posts\/187580","targetHints":{"allow":["GET"]}}],"collection":[{"href":"https:\/\/canal7slp.tv\/2026\/wp-json\/wp\/v2\/posts"}],"about":[{"href":"https:\/\/canal7slp.tv\/2026\/wp-json\/wp\/v2\/types\/post"}],"author":[{"embeddable":true,"href":"https:\/\/canal7slp.tv\/2026\/wp-json\/wp\/v2\/users\/2"}],"replies":[{"embeddable":true,"href":"https:\/\/canal7slp.tv\/2026\/wp-json\/wp\/v2\/comments?post=187580"}],"version-history":[{"count":1,"href":"https:\/\/canal7slp.tv\/2026\/wp-json\/wp\/v2\/posts\/187580\/revisions"}],"predecessor-version":[{"id":187582,"href":"https:\/\/canal7slp.tv\/2026\/wp-json\/wp\/v2\/posts\/187580\/revisions\/187582"}],"wp:featuredmedia":[{"embeddable":true,"href":"https:\/\/canal7slp.tv\/2026\/wp-json\/wp\/v2\/media\/187581"}],"wp:attachment":[{"href":"https:\/\/canal7slp.tv\/2026\/wp-json\/wp\/v2\/media?parent=187580"}],"wp:term":[{"taxonomy":"category","embeddable":true,"href":"https:\/\/canal7slp.tv\/2026\/wp-json\/wp\/v2\/categories?post=187580"},{"taxonomy":"post_tag","embeddable":true,"href":"https:\/\/canal7slp.tv\/2026\/wp-json\/wp\/v2\/tags?post=187580"}],"curies":[{"name":"wp","href":"https:\/\/api.w.org\/{rel}","templated":true}]}}