{"id":187550,"date":"2025-12-11T13:43:54","date_gmt":"2025-12-11T19:43:54","guid":{"rendered":"https:\/\/canal7slp.tv\/2026\/?p=187550"},"modified":"2025-12-11T13:45:15","modified_gmt":"2025-12-11T19:45:15","slug":"juez-de-eua-aplaza-sentencia-de-el-mayo-zambada-para-abril-de-2026","status":"publish","type":"post","link":"https:\/\/canal7slp.tv\/2026\/juez-de-eua-aplaza-sentencia-de-el-mayo-zambada-para-abril-de-2026\/","title":{"rendered":"Juez de EUA aplaza sentencia de \u00abEl Mayo\u00bb Zambada para abril de 2026"},"content":{"rendered":"<p style=\"text-align: justify;\">EEUU.- Un juez federal de Estados Unidos accedi\u00f3 a posponer la fecha para la audiencia de sentencia de Ismael \u00abEl Mayo\u00bb Zambada, exl\u00edder del C\u00e1rtel de Sinaloa. La nueva fecha fue fijada para el 13 de abril de 2026.<\/p>\n<p style=\"text-align: justify;\">La solicitud de aplazamiento fue presentada la semana pasada por el abogado defensor Frank P\u00e9rez, quien argument\u00f3 que necesitaba m\u00e1s tiempo para preparar el memor\u00e1ndum de sentencia debido a complicaciones log\u00edsticas para recabar informaci\u00f3n de testigos y familiares en M\u00e9xico, donde algunas regiones experimentan \u00abaltos niveles de violencia e inestabilidad\u00bb.<\/p>\n<p style=\"text-align: justify;\">La audiencia estaba programada originalmente para el 12 de enero de 2026.<\/p>\n<p style=\"text-align: justify;\">Ismael Zambada se declar\u00f3 culpable en agosto pasado de cargos de narcotr\u00e1fico y admiti\u00f3 haber sobornado a autoridades mexicanas durante tres d\u00e9cadas para facilitar sus operaciones.<\/p>\n<p style=\"text-align: justify;\">Adem\u00e1s de la sentencia que se determine, el juez Brian M. Cogan orden\u00f3 que el acusado pague una multa reparatoria de 15 mil millones de d\u00f3lares.<\/p>\n","protected":false},"excerpt":{"rendered":"<p>EEUU.- Un juez federal de Estados Unidos accedi\u00f3 a posponer la fecha para la audiencia de sentencia de Ismael \u00abEl Mayo\u00bb Zambada, exl\u00edder del C\u00e1rtel de Sinaloa. La nueva fecha fue fijada para el 13 de abril de 2026. La solicitud de aplazamiento fue presentada la semana pasada por el abogado defensor Frank P\u00e9rez, quien argument\u00f3 que necesitaba m\u00e1s tiempo para preparar el memor\u00e1ndum de sentencia debido a complicaciones log\u00edsticas para recabar informaci\u00f3n de testigos y familiares en M\u00e9xico, donde algunas regiones experimentan \u00abaltos niveles de violencia e inestabilidad\u00bb. La audiencia estaba programada originalmente para el 12 de enero de [&hellip;]<\/p>\n","protected":false},"author":2,"featured_media":187555,"comment_status":"closed","ping_status":"closed","sticky":false,"template":"","format":"standard","meta":{"_monsterinsights_skip_tracking":false,"_monsterinsights_sitenote_active":false,"_monsterinsights_sitenote_note":"","_monsterinsights_sitenote_category":0,"footnotes":""},"categories":[44],"tags":[],"class_list":["post-187550","post","type-post","status-publish","format-standard","has-post-thumbnail","hentry","category-internacional","post--single"],"_links":{"self":[{"href":"https:\/\/canal7slp.tv\/2026\/wp-json\/wp\/v2\/posts\/187550","targetHints":{"allow":["GET"]}}],"collection":[{"href":"https:\/\/canal7slp.tv\/2026\/wp-json\/wp\/v2\/posts"}],"about":[{"href":"https:\/\/canal7slp.tv\/2026\/wp-json\/wp\/v2\/types\/post"}],"author":[{"embeddable":true,"href":"https:\/\/canal7slp.tv\/2026\/wp-json\/wp\/v2\/users\/2"}],"replies":[{"embeddable":true,"href":"https:\/\/canal7slp.tv\/2026\/wp-json\/wp\/v2\/comments?post=187550"}],"version-history":[{"count":2,"href":"https:\/\/canal7slp.tv\/2026\/wp-json\/wp\/v2\/posts\/187550\/revisions"}],"predecessor-version":[{"id":187556,"href":"https:\/\/canal7slp.tv\/2026\/wp-json\/wp\/v2\/posts\/187550\/revisions\/187556"}],"wp:featuredmedia":[{"embeddable":true,"href":"https:\/\/canal7slp.tv\/2026\/wp-json\/wp\/v2\/media\/187555"}],"wp:attachment":[{"href":"https:\/\/canal7slp.tv\/2026\/wp-json\/wp\/v2\/media?parent=187550"}],"wp:term":[{"taxonomy":"category","embeddable":true,"href":"https:\/\/canal7slp.tv\/2026\/wp-json\/wp\/v2\/categories?post=187550"},{"taxonomy":"post_tag","embeddable":true,"href":"https:\/\/canal7slp.tv\/2026\/wp-json\/wp\/v2\/tags?post=187550"}],"curies":[{"name":"wp","href":"https:\/\/api.w.org\/{rel}","templated":true}]}}