{"id":187472,"date":"2025-12-10T14:45:10","date_gmt":"2025-12-10T20:45:10","guid":{"rendered":"https:\/\/canal7slp.tv\/2026\/?p=187472"},"modified":"2025-12-10T14:45:10","modified_gmt":"2025-12-10T20:45:10","slug":"equipo-potosino-de-ciclismo-a-la-vuelta-a-costa-rica-2025","status":"publish","type":"post","link":"https:\/\/canal7slp.tv\/2026\/equipo-potosino-de-ciclismo-a-la-vuelta-a-costa-rica-2025\/","title":{"rendered":"Equipo Potosino de Ciclismo a la Vuelta a Costa Rica 2025"},"content":{"rendered":"<p style=\"text-align: justify;\">SLP.- El Equipo Potosino De Ciclismo que dirige el Director T\u00e9cnico Juan Jos\u00e9 Monsiv\u00e1is ha confirmado su participaci\u00f3n en tierras ticas para enfrentar la edici\u00f3n n\u00famero 59 de \u201cLa Vuelta a Costa Rica\u201d que arranca el pr\u00f3ximo 12 de diciembre recorriendo diez municipios para llegar a su fin el 21 de diciembre, carrera organizada por la Federaci\u00f3n Costarricense de Ciclismo.<\/p>\n<p style=\"text-align: justify;\">El evento tendr\u00e1 la participaci\u00f3n de siete equipos del pa\u00eds anfitri\u00f3n, as\u00ed como ocho extranjeros.<\/p>\n<p style=\"text-align: justify;\">Los convocados en esta ocasi\u00f3n son los colombianos Heiner Parra y Alexander Gil, los mexicanos Efr\u00e9n Santos e Ignacio Prado, el Irland\u00e9s Cormac McGeough, el Costarricense Sebasti\u00e1n Brenes y el estadounidense Owen Wright.<\/p>\n<p style=\"text-align: justify;\">La edici\u00f3n 59 de \u201cla vuelta a costa rica\u201d tendr\u00e1 un total de mil 251 kil\u00f3metros; habr\u00e1 nueve etapas en l\u00ednea, una cronoescalada, 15 metas volantes, as\u00ed como 12 premios de monta\u00f1a en total, diez etapas arrancando viernes 12 de diciembre.<\/p>\n<p style=\"text-align: justify;\">\n","protected":false},"excerpt":{"rendered":"<p>SLP.- El Equipo Potosino De Ciclismo que dirige el Director T\u00e9cnico Juan Jos\u00e9 Monsiv\u00e1is ha confirmado su participaci\u00f3n en tierras ticas para enfrentar la edici\u00f3n n\u00famero 59 de \u201cLa Vuelta a Costa Rica\u201d que arranca el pr\u00f3ximo 12 de diciembre recorriendo diez municipios para llegar a su fin el 21 de diciembre, carrera organizada por la Federaci\u00f3n Costarricense de Ciclismo. El evento tendr\u00e1 la participaci\u00f3n de siete equipos del pa\u00eds anfitri\u00f3n, as\u00ed como ocho extranjeros. Los convocados en esta ocasi\u00f3n son los colombianos Heiner Parra y Alexander Gil, los mexicanos Efr\u00e9n Santos e Ignacio Prado, el Irland\u00e9s Cormac McGeough, el [&hellip;]<\/p>\n","protected":false},"author":2,"featured_media":187479,"comment_status":"closed","ping_status":"closed","sticky":false,"template":"","format":"video","meta":{"_monsterinsights_skip_tracking":false,"_monsterinsights_sitenote_active":false,"_monsterinsights_sitenote_note":"","_monsterinsights_sitenote_category":0,"footnotes":""},"categories":[7,5],"tags":[],"class_list":["post-187472","post","type-post","status-publish","format-video","has-post-thumbnail","hentry","category-deportes","category-destacadas","post_format-post-format-video","post--single"],"_links":{"self":[{"href":"https:\/\/canal7slp.tv\/2026\/wp-json\/wp\/v2\/posts\/187472","targetHints":{"allow":["GET"]}}],"collection":[{"href":"https:\/\/canal7slp.tv\/2026\/wp-json\/wp\/v2\/posts"}],"about":[{"href":"https:\/\/canal7slp.tv\/2026\/wp-json\/wp\/v2\/types\/post"}],"author":[{"embeddable":true,"href":"https:\/\/canal7slp.tv\/2026\/wp-json\/wp\/v2\/users\/2"}],"replies":[{"embeddable":true,"href":"https:\/\/canal7slp.tv\/2026\/wp-json\/wp\/v2\/comments?post=187472"}],"version-history":[{"count":1,"href":"https:\/\/canal7slp.tv\/2026\/wp-json\/wp\/v2\/posts\/187472\/revisions"}],"predecessor-version":[{"id":187482,"href":"https:\/\/canal7slp.tv\/2026\/wp-json\/wp\/v2\/posts\/187472\/revisions\/187482"}],"wp:featuredmedia":[{"embeddable":true,"href":"https:\/\/canal7slp.tv\/2026\/wp-json\/wp\/v2\/media\/187479"}],"wp:attachment":[{"href":"https:\/\/canal7slp.tv\/2026\/wp-json\/wp\/v2\/media?parent=187472"}],"wp:term":[{"taxonomy":"category","embeddable":true,"href":"https:\/\/canal7slp.tv\/2026\/wp-json\/wp\/v2\/categories?post=187472"},{"taxonomy":"post_tag","embeddable":true,"href":"https:\/\/canal7slp.tv\/2026\/wp-json\/wp\/v2\/tags?post=187472"}],"curies":[{"name":"wp","href":"https:\/\/api.w.org\/{rel}","templated":true}]}}