{"id":187377,"date":"2025-12-09T15:44:57","date_gmt":"2025-12-09T21:44:57","guid":{"rendered":"https:\/\/canal7slp.tv\/2026\/?p=187377"},"modified":"2025-12-09T15:44:57","modified_gmt":"2025-12-09T21:44:57","slug":"ice-admite-que-cientos-de-ninos-migrantes-fueron-detenidos-mas-tiempo-del-permitido-por-la-ley","status":"publish","type":"post","link":"https:\/\/canal7slp.tv\/2026\/ice-admite-que-cientos-de-ninos-migrantes-fueron-detenidos-mas-tiempo-del-permitido-por-la-ley\/","title":{"rendered":"ICE admite que cientos de ni\u00f1os migrantes fueron detenidos m\u00e1s tiempo del permitido por la ley"},"content":{"rendered":"<p style=\"text-align: justify;\">EEUU.- Un documento judicial presentado esta semana revel\u00f3 que el Servicio de Inmigraci\u00f3n y Control de Aduanas de Estados Unidos (ICE) admiti\u00f3 haber mantenido a cientos de ni\u00f1os migrantes bajo custodia por m\u00e1s tiempo del l\u00edmite legal de 20 d\u00edas durante el verano.<\/p>\n<p style=\"text-align: justify;\">La informaci\u00f3n sali\u00f3 a la luz en el marco de una demanda civil que dio origen al Acuerdo de Flores, el cual regula el tiempo y las condiciones de detenci\u00f3n de menores.<\/p>\n<p style=\"text-align: justify;\">De acuerdo con un informe de ICE fechado el 1 de diciembre, aproximadamente 400 ni\u00f1os estuvieron detenidos m\u00e1s all\u00e1 del l\u00edmite entre agosto y septiembre.<\/p>\n<p style=\"text-align: justify;\">La agencia atribuy\u00f3 las demoras a retrasos en los traslados, necesidades m\u00e9dicas y procesos legales.<\/p>\n<p style=\"text-align: justify;\">Sin embargo, los abogados de los menores sostuvieron que esas explicaciones no representan una justificaci\u00f3n v\u00e1lida y se\u00f1alaron casos particularmente graves, como el de cinco ni\u00f1os retenidos durante 168 d\u00edas a principios del a\u00f1o.<\/p>\n<p style=\"text-align: justify;\">El documento tambi\u00e9n cuestiona el uso de hoteles para la detenci\u00f3n temporal, un recurso permitido solo por un m\u00e1ximo de 72 horas, se\u00f1alando que los datos del gobierno no ofrecen una justificaci\u00f3n clara para estancias m\u00e1s prolongadas.<\/p>\n<p style=\"text-align: justify;\">Adem\u00e1s, se expresaron preocupaciones por las condiciones en algunos centros familiares, incluido el de Dilley, Texas, donde se reportaron lesiones en menores, demoras en la atenci\u00f3n m\u00e9dica y quejas sobre la calidad de los alimentos.<\/p>\n<p style=\"text-align: justify;\">La jueza federal Dolly Gee evaluar\u00e1 estos se\u00f1alamientos en una audiencia programada para la pr\u00f3xima semana, en la que analizar\u00e1 si se requiere una intervenci\u00f3n judicial. La situaci\u00f3n ocurre mientras la administraci\u00f3n actual mantiene su intenci\u00f3n de poner fin al Acuerdo de Flores.<\/p>\n","protected":false},"excerpt":{"rendered":"<p>EEUU.- Un documento judicial presentado esta semana revel\u00f3 que el Servicio de Inmigraci\u00f3n y Control de Aduanas de Estados Unidos (ICE) admiti\u00f3 haber mantenido a cientos de ni\u00f1os migrantes bajo custodia por m\u00e1s tiempo del l\u00edmite legal de 20 d\u00edas durante el verano. La informaci\u00f3n sali\u00f3 a la luz en el marco de una demanda civil que dio origen al Acuerdo de Flores, el cual regula el tiempo y las condiciones de detenci\u00f3n de menores. De acuerdo con un informe de ICE fechado el 1 de diciembre, aproximadamente 400 ni\u00f1os estuvieron detenidos m\u00e1s all\u00e1 del l\u00edmite entre agosto y septiembre. [&hellip;]<\/p>\n","protected":false},"author":2,"featured_media":187378,"comment_status":"closed","ping_status":"closed","sticky":false,"template":"","format":"standard","meta":{"_monsterinsights_skip_tracking":false,"_monsterinsights_sitenote_active":false,"_monsterinsights_sitenote_note":"","_monsterinsights_sitenote_category":0,"footnotes":""},"categories":[44],"tags":[],"class_list":["post-187377","post","type-post","status-publish","format-standard","has-post-thumbnail","hentry","category-internacional","post--single"],"_links":{"self":[{"href":"https:\/\/canal7slp.tv\/2026\/wp-json\/wp\/v2\/posts\/187377","targetHints":{"allow":["GET"]}}],"collection":[{"href":"https:\/\/canal7slp.tv\/2026\/wp-json\/wp\/v2\/posts"}],"about":[{"href":"https:\/\/canal7slp.tv\/2026\/wp-json\/wp\/v2\/types\/post"}],"author":[{"embeddable":true,"href":"https:\/\/canal7slp.tv\/2026\/wp-json\/wp\/v2\/users\/2"}],"replies":[{"embeddable":true,"href":"https:\/\/canal7slp.tv\/2026\/wp-json\/wp\/v2\/comments?post=187377"}],"version-history":[{"count":1,"href":"https:\/\/canal7slp.tv\/2026\/wp-json\/wp\/v2\/posts\/187377\/revisions"}],"predecessor-version":[{"id":187379,"href":"https:\/\/canal7slp.tv\/2026\/wp-json\/wp\/v2\/posts\/187377\/revisions\/187379"}],"wp:featuredmedia":[{"embeddable":true,"href":"https:\/\/canal7slp.tv\/2026\/wp-json\/wp\/v2\/media\/187378"}],"wp:attachment":[{"href":"https:\/\/canal7slp.tv\/2026\/wp-json\/wp\/v2\/media?parent=187377"}],"wp:term":[{"taxonomy":"category","embeddable":true,"href":"https:\/\/canal7slp.tv\/2026\/wp-json\/wp\/v2\/categories?post=187377"},{"taxonomy":"post_tag","embeddable":true,"href":"https:\/\/canal7slp.tv\/2026\/wp-json\/wp\/v2\/tags?post=187377"}],"curies":[{"name":"wp","href":"https:\/\/api.w.org\/{rel}","templated":true}]}}