{"id":187370,"date":"2025-12-09T15:18:17","date_gmt":"2025-12-09T21:18:17","guid":{"rendered":"https:\/\/canal7slp.tv\/2026\/?p=187370"},"modified":"2025-12-09T15:18:17","modified_gmt":"2025-12-09T21:18:17","slug":"carrera-del-abrigo-se-llevara-a-cabo-el-proximo-14-de-diciembre","status":"publish","type":"post","link":"https:\/\/canal7slp.tv\/2026\/carrera-del-abrigo-se-llevara-a-cabo-el-proximo-14-de-diciembre\/","title":{"rendered":"Carrera del Abrigo se llevar\u00e1 a cabo el pr\u00f3ximo 14 de diciembre"},"content":{"rendered":"<p style=\"text-align: justify;\">SLP.- Ser\u00e1 el pr\u00f3ximo domingo 14 de diciembre que se lleve a cabo la edici\u00f3n XXVI de la Carrera del Abrigo \u2013 Ursus Mu\u00f1oz 2025, la cual tendr\u00e1 el recorrido por la Recreov\u00eda Carranza a partir de las 8:00 horas, con distancias de 3 y 8 kil\u00f3metros.<\/p>\n<p style=\"text-align: justify;\">La salida y meta ser\u00e1 en la esquina de Fray Jos\u00e9 de Arlegui y avenida Carranza. Los 3 kil\u00f3metros se cubrir\u00e1n hasta la Casa de la Cultura, ida y vuelta; mientras que los 8 kil\u00f3metros del punto de partida hasta Uresti, tambi\u00e9n ida y vuelta.<\/p>\n<p style=\"text-align: justify;\">Cabe destacar que el costo de inscripci\u00f3n es donar prendas abrigadoras, ropa o cobijas que est\u00e9 en buen estado o nuevo, no importa la talla ni tama\u00f1o, ya que se destinar\u00e1 a familias de bajos recursos para hacerle frente al fr\u00edo a la \u00e9poca invernal.<\/p>\n","protected":false},"excerpt":{"rendered":"<p>SLP.- Ser\u00e1 el pr\u00f3ximo domingo 14 de diciembre que se lleve a cabo la edici\u00f3n XXVI de la Carrera del Abrigo \u2013 Ursus Mu\u00f1oz 2025, la cual tendr\u00e1 el recorrido por la Recreov\u00eda Carranza a partir de las 8:00 horas, con distancias de 3 y 8 kil\u00f3metros. La salida y meta ser\u00e1 en la esquina de Fray Jos\u00e9 de Arlegui y avenida Carranza. Los 3 kil\u00f3metros se cubrir\u00e1n hasta la Casa de la Cultura, ida y vuelta; mientras que los 8 kil\u00f3metros del punto de partida hasta Uresti, tambi\u00e9n ida y vuelta. Cabe destacar que el costo de inscripci\u00f3n es [&hellip;]<\/p>\n","protected":false},"author":2,"featured_media":187372,"comment_status":"closed","ping_status":"closed","sticky":false,"template":"","format":"video","meta":{"_monsterinsights_skip_tracking":false,"_monsterinsights_sitenote_active":false,"_monsterinsights_sitenote_note":"","_monsterinsights_sitenote_category":0,"footnotes":""},"categories":[7,5],"tags":[],"class_list":["post-187370","post","type-post","status-publish","format-video","has-post-thumbnail","hentry","category-deportes","category-destacadas","post_format-post-format-video","post--single"],"_links":{"self":[{"href":"https:\/\/canal7slp.tv\/2026\/wp-json\/wp\/v2\/posts\/187370","targetHints":{"allow":["GET"]}}],"collection":[{"href":"https:\/\/canal7slp.tv\/2026\/wp-json\/wp\/v2\/posts"}],"about":[{"href":"https:\/\/canal7slp.tv\/2026\/wp-json\/wp\/v2\/types\/post"}],"author":[{"embeddable":true,"href":"https:\/\/canal7slp.tv\/2026\/wp-json\/wp\/v2\/users\/2"}],"replies":[{"embeddable":true,"href":"https:\/\/canal7slp.tv\/2026\/wp-json\/wp\/v2\/comments?post=187370"}],"version-history":[{"count":1,"href":"https:\/\/canal7slp.tv\/2026\/wp-json\/wp\/v2\/posts\/187370\/revisions"}],"predecessor-version":[{"id":187373,"href":"https:\/\/canal7slp.tv\/2026\/wp-json\/wp\/v2\/posts\/187370\/revisions\/187373"}],"wp:featuredmedia":[{"embeddable":true,"href":"https:\/\/canal7slp.tv\/2026\/wp-json\/wp\/v2\/media\/187372"}],"wp:attachment":[{"href":"https:\/\/canal7slp.tv\/2026\/wp-json\/wp\/v2\/media?parent=187370"}],"wp:term":[{"taxonomy":"category","embeddable":true,"href":"https:\/\/canal7slp.tv\/2026\/wp-json\/wp\/v2\/categories?post=187370"},{"taxonomy":"post_tag","embeddable":true,"href":"https:\/\/canal7slp.tv\/2026\/wp-json\/wp\/v2\/tags?post=187370"}],"curies":[{"name":"wp","href":"https:\/\/api.w.org\/{rel}","templated":true}]}}