{"id":187310,"date":"2025-12-08T18:37:49","date_gmt":"2025-12-09T00:37:49","guid":{"rendered":"https:\/\/canal7slp.tv\/2026\/?p=187310"},"modified":"2025-12-09T14:08:31","modified_gmt":"2025-12-09T20:08:31","slug":"el-partido-accion-nacional-en-contra-de-la-ley-de-aguas","status":"publish","type":"post","link":"https:\/\/canal7slp.tv\/2026\/el-partido-accion-nacional-en-contra-de-la-ley-de-aguas\/","title":{"rendered":"El Partido Acci\u00f3n Nacional en contra de la Ley de Aguas"},"content":{"rendered":"<p style=\"text-align: justify;\"><span style=\"font-size: 1.21429rem;\">SLP.- En rueda de prensa conjunta el Comit\u00e9 Directivo Estatal del PAN manifest\u00f3 su postura en contra de la Ley de Aguas que propuso el Partido del Movimiento de Regeneraci\u00f3n Nacional.<\/span><\/p>\n<p style=\"text-align: justify;\">El secretario general Enrique Dahud afirm\u00f3 que es una ley que centraliza el control del recurso, elimina derechos y pone en riesgo a familias, municipios y sobre todo, al campo, por falta de presupuesto e infraestructura, asegur\u00f3.<\/p>\n<p style=\"text-align: justify;\">Adem\u00e1s, el secretario general de la dirigencia estatal del PAN afirm\u00f3 que es la propia Federaci\u00f3n la que concentra mayormente el recurso, y reduce la autonom\u00eda de estados y municipios poniendo en riesgo el abasto para millones de mexicanos, y sectores productivos del pa\u00eds.<\/p>\n<p style=\"text-align: justify;\">En este contexto,el panista mencion\u00f3 nombres de conocidos personajes que dijo, por muchos a\u00f1os han manejado concesiones de agua para su propio beneficio.<\/p>\n<p>Por: Claudio Ibarra<\/p>\n","protected":false},"excerpt":{"rendered":"<p>SLP.- En rueda de prensa conjunta el Comit\u00e9 Directivo Estatal del PAN manifest\u00f3 su postura en contra de la Ley de Aguas que propuso el Partido del Movimiento de Regeneraci\u00f3n Nacional. El secretario general Enrique Dahud afirm\u00f3 que es una ley que centraliza el control del recurso, elimina derechos y pone en riesgo a familias, municipios y sobre todo, al campo, por falta de presupuesto e infraestructura, asegur\u00f3. Adem\u00e1s, el secretario general de la dirigencia estatal del PAN afirm\u00f3 que es la propia Federaci\u00f3n la que concentra mayormente el recurso, y reduce la autonom\u00eda de estados y municipios poniendo en [&hellip;]<\/p>\n","protected":false},"author":2,"featured_media":187349,"comment_status":"closed","ping_status":"closed","sticky":false,"template":"","format":"video","meta":{"_monsterinsights_skip_tracking":false,"_monsterinsights_sitenote_active":false,"_monsterinsights_sitenote_note":"","_monsterinsights_sitenote_category":0,"footnotes":""},"categories":[5,45],"tags":[],"class_list":["post-187310","post","type-post","status-publish","format-video","has-post-thumbnail","hentry","category-destacadas","category-localesyregionales","post_format-post-format-video","post--single"],"_links":{"self":[{"href":"https:\/\/canal7slp.tv\/2026\/wp-json\/wp\/v2\/posts\/187310","targetHints":{"allow":["GET"]}}],"collection":[{"href":"https:\/\/canal7slp.tv\/2026\/wp-json\/wp\/v2\/posts"}],"about":[{"href":"https:\/\/canal7slp.tv\/2026\/wp-json\/wp\/v2\/types\/post"}],"author":[{"embeddable":true,"href":"https:\/\/canal7slp.tv\/2026\/wp-json\/wp\/v2\/users\/2"}],"replies":[{"embeddable":true,"href":"https:\/\/canal7slp.tv\/2026\/wp-json\/wp\/v2\/comments?post=187310"}],"version-history":[{"count":3,"href":"https:\/\/canal7slp.tv\/2026\/wp-json\/wp\/v2\/posts\/187310\/revisions"}],"predecessor-version":[{"id":187351,"href":"https:\/\/canal7slp.tv\/2026\/wp-json\/wp\/v2\/posts\/187310\/revisions\/187351"}],"wp:featuredmedia":[{"embeddable":true,"href":"https:\/\/canal7slp.tv\/2026\/wp-json\/wp\/v2\/media\/187349"}],"wp:attachment":[{"href":"https:\/\/canal7slp.tv\/2026\/wp-json\/wp\/v2\/media?parent=187310"}],"wp:term":[{"taxonomy":"category","embeddable":true,"href":"https:\/\/canal7slp.tv\/2026\/wp-json\/wp\/v2\/categories?post=187310"},{"taxonomy":"post_tag","embeddable":true,"href":"https:\/\/canal7slp.tv\/2026\/wp-json\/wp\/v2\/tags?post=187310"}],"curies":[{"name":"wp","href":"https:\/\/api.w.org\/{rel}","templated":true}]}}