{"id":187209,"date":"2025-12-07T17:18:22","date_gmt":"2025-12-07T23:18:22","guid":{"rendered":"https:\/\/canal7slp.tv\/2026\/?p=187209"},"modified":"2025-12-07T17:18:22","modified_gmt":"2025-12-07T23:18:22","slug":"fgr-investiga-explosion-con-vehiculo-bomba-en-michoacan","status":"publish","type":"post","link":"https:\/\/canal7slp.tv\/2026\/fgr-investiga-explosion-con-vehiculo-bomba-en-michoacan\/","title":{"rendered":"FGR investiga explosi\u00f3n con veh\u00edculo bomba en Michoac\u00e1n"},"content":{"rendered":"<p style=\"text-align: justify;\">Coahuayana.- La Fiscal\u00eda General de la Rep\u00fablica inform\u00f3 que el ataque con un veh\u00edculo cargado con explosivos ocurrido este s\u00e1bado en Coahuayana, Michoac\u00e1n, dej\u00f3 un saldo de cinco personas fallecidas y seis lesionadas.<\/p>\n<p style=\"text-align: justify;\">La detonaci\u00f3n tuvo lugar frente a las instalaciones de la Polic\u00eda Comunitaria del municipio, alrededor de las 11:40 horas, en la avenida Ray\u00f3n.<\/p>\n<p style=\"text-align: justify;\">Entre las v\u00edctimas se encuentra la persona que conduc\u00eda el veh\u00edculo, mientras que las autoridades contin\u00faan identificando si los dem\u00e1s fallecidos eran civiles o integrantes de la corporaci\u00f3n comunitaria.<\/p>\n<p style=\"text-align: justify;\">La explosi\u00f3n provoc\u00f3 da\u00f1os importantes en al menos diez inmuebles, incluidos locales comerciales, y afect\u00f3 una decena de veh\u00edculos estacionados en las inmediaciones.<\/p>\n<p style=\"text-align: justify;\">La FGR anunci\u00f3 el inicio de una investigaci\u00f3n para esclarecer los hechos y envi\u00f3 peritos especializados en explosivos para realizar los primeros an\u00e1lisis.<\/p>\n","protected":false},"excerpt":{"rendered":"<p>Coahuayana.- La Fiscal\u00eda General de la Rep\u00fablica inform\u00f3 que el ataque con un veh\u00edculo cargado con explosivos ocurrido este s\u00e1bado en Coahuayana, Michoac\u00e1n, dej\u00f3 un saldo de cinco personas fallecidas y seis lesionadas. La detonaci\u00f3n tuvo lugar frente a las instalaciones de la Polic\u00eda Comunitaria del municipio, alrededor de las 11:40 horas, en la avenida Ray\u00f3n. Entre las v\u00edctimas se encuentra la persona que conduc\u00eda el veh\u00edculo, mientras que las autoridades contin\u00faan identificando si los dem\u00e1s fallecidos eran civiles o integrantes de la corporaci\u00f3n comunitaria. La explosi\u00f3n provoc\u00f3 da\u00f1os importantes en al menos diez inmuebles, incluidos locales comerciales, y afect\u00f3 [&hellip;]<\/p>\n","protected":false},"author":2,"featured_media":187210,"comment_status":"closed","ping_status":"closed","sticky":false,"template":"","format":"standard","meta":{"_monsterinsights_skip_tracking":false,"_monsterinsights_sitenote_active":false,"_monsterinsights_sitenote_note":"","_monsterinsights_sitenote_category":0,"footnotes":""},"categories":[46],"tags":[],"class_list":["post-187209","post","type-post","status-publish","format-standard","has-post-thumbnail","hentry","category-nacional","post--single"],"_links":{"self":[{"href":"https:\/\/canal7slp.tv\/2026\/wp-json\/wp\/v2\/posts\/187209","targetHints":{"allow":["GET"]}}],"collection":[{"href":"https:\/\/canal7slp.tv\/2026\/wp-json\/wp\/v2\/posts"}],"about":[{"href":"https:\/\/canal7slp.tv\/2026\/wp-json\/wp\/v2\/types\/post"}],"author":[{"embeddable":true,"href":"https:\/\/canal7slp.tv\/2026\/wp-json\/wp\/v2\/users\/2"}],"replies":[{"embeddable":true,"href":"https:\/\/canal7slp.tv\/2026\/wp-json\/wp\/v2\/comments?post=187209"}],"version-history":[{"count":1,"href":"https:\/\/canal7slp.tv\/2026\/wp-json\/wp\/v2\/posts\/187209\/revisions"}],"predecessor-version":[{"id":187211,"href":"https:\/\/canal7slp.tv\/2026\/wp-json\/wp\/v2\/posts\/187209\/revisions\/187211"}],"wp:featuredmedia":[{"embeddable":true,"href":"https:\/\/canal7slp.tv\/2026\/wp-json\/wp\/v2\/media\/187210"}],"wp:attachment":[{"href":"https:\/\/canal7slp.tv\/2026\/wp-json\/wp\/v2\/media?parent=187209"}],"wp:term":[{"taxonomy":"category","embeddable":true,"href":"https:\/\/canal7slp.tv\/2026\/wp-json\/wp\/v2\/categories?post=187209"},{"taxonomy":"post_tag","embeddable":true,"href":"https:\/\/canal7slp.tv\/2026\/wp-json\/wp\/v2\/tags?post=187209"}],"curies":[{"name":"wp","href":"https:\/\/api.w.org\/{rel}","templated":true}]}}