{"id":187176,"date":"2025-12-06T16:46:03","date_gmt":"2025-12-06T22:46:03","guid":{"rendered":"https:\/\/canal7slp.tv\/2026\/?p=187176"},"modified":"2025-12-07T13:28:15","modified_gmt":"2025-12-07T19:28:15","slug":"economia-potosina-se-quedo-estatica-en-2025-considero-daniel-escobedo-presidente-aderiac","status":"publish","type":"post","link":"https:\/\/canal7slp.tv\/2026\/economia-potosina-se-quedo-estatica-en-2025-considero-daniel-escobedo-presidente-aderiac\/","title":{"rendered":"Econom\u00eda potosina se qued\u00f3 est\u00e1tica en 2025 consider\u00f3 Daniel Escobedo, presidente Aderiac"},"content":{"rendered":"<p style=\"text-align: justify;\">SLP.- En el a\u00f1o 2025 la econom\u00eda del estado de San Luis Potos\u00ed tendr\u00e1 un crecimiento m\u00ednimo debido a factores a nivel nacional, consider\u00f3 el presidente de la Asociaci\u00f3n de Ejecutivos de la Gesti\u00f3n del Talento Humano, Daniel Escobedo Uribe.<\/p>\n<p style=\"text-align: justify;\">\u201cLa econom\u00eda en San Luis Potos\u00ed no va a crecer o va a crecer muy poco, ya que se espera que la econom\u00eda nacional crezca un .8%, la econom\u00eda en San Luis Potos\u00ed ha crecido un poquito m\u00e1s que la econom\u00eda nacional\u201d.<\/p>\n<p style=\"text-align: justify;\">Y es que el a\u00f1o ha significado alzas y bajas seg\u00fan el INEGI.<\/p>\n<p style=\"text-align: justify;\">\u201cSan Luis Potos\u00ed empez\u00f3 el primer trimestre con un incremento del 1.8% en el n\u00famero de empleos que se dieron, disminuy\u00f3 un 1% en el segundo cuarto y en el tercer cuarto volvi\u00f3 a aumentar un 1% (\u2026) entonces yo creo que vamos a terminar con el mismo n\u00famero que se empez\u00f3 en el primer trimestre\u201d.<\/p>\n<p style=\"text-align: justify;\">Se tiene una expectativa positiva para el a\u00f1o 2026.<\/p>\n<p style=\"text-align: justify;\">\u201cSe van a mantener los empleos y bueno, la idea es que 2026 empiece con nuevos empleos, empiece la industria manufacturera a jalar m\u00e1s empleos\u201d.<\/p>\n<p style=\"text-align: justify;\">Se\u00f1al\u00f3 que durante el pr\u00f3ximo a\u00f1o, el Gobierno Federal deber\u00e1 estar atento a las negociaciones con los Estados Unidos de Am\u00e9rica pues de este pa\u00eds depende en gran parte el crecimiento local.<\/p>\n<p style=\"text-align: justify;\">Por: Juan Carlos Contreras<\/p>\n","protected":false},"excerpt":{"rendered":"<p>SLP.- En el a\u00f1o 2025 la econom\u00eda del estado de San Luis Potos\u00ed tendr\u00e1 un crecimiento m\u00ednimo debido a factores a nivel nacional, consider\u00f3 el presidente de la Asociaci\u00f3n de Ejecutivos de la Gesti\u00f3n del Talento Humano, Daniel Escobedo Uribe. \u201cLa econom\u00eda en San Luis Potos\u00ed no va a crecer o va a crecer muy poco, ya que se espera que la econom\u00eda nacional crezca un .8%, la econom\u00eda en San Luis Potos\u00ed ha crecido un poquito m\u00e1s que la econom\u00eda nacional\u201d. Y es que el a\u00f1o ha significado alzas y bajas seg\u00fan el INEGI. \u201cSan Luis Potos\u00ed empez\u00f3 el [&hellip;]<\/p>\n","protected":false},"author":2,"featured_media":187178,"comment_status":"closed","ping_status":"closed","sticky":false,"template":"","format":"video","meta":{"_monsterinsights_skip_tracking":false,"_monsterinsights_sitenote_active":false,"_monsterinsights_sitenote_note":"","_monsterinsights_sitenote_category":0,"footnotes":""},"categories":[5,45],"tags":[],"class_list":["post-187176","post","type-post","status-publish","format-video","has-post-thumbnail","hentry","category-destacadas","category-localesyregionales","post_format-post-format-video","post--single"],"_links":{"self":[{"href":"https:\/\/canal7slp.tv\/2026\/wp-json\/wp\/v2\/posts\/187176","targetHints":{"allow":["GET"]}}],"collection":[{"href":"https:\/\/canal7slp.tv\/2026\/wp-json\/wp\/v2\/posts"}],"about":[{"href":"https:\/\/canal7slp.tv\/2026\/wp-json\/wp\/v2\/types\/post"}],"author":[{"embeddable":true,"href":"https:\/\/canal7slp.tv\/2026\/wp-json\/wp\/v2\/users\/2"}],"replies":[{"embeddable":true,"href":"https:\/\/canal7slp.tv\/2026\/wp-json\/wp\/v2\/comments?post=187176"}],"version-history":[{"count":1,"href":"https:\/\/canal7slp.tv\/2026\/wp-json\/wp\/v2\/posts\/187176\/revisions"}],"predecessor-version":[{"id":187179,"href":"https:\/\/canal7slp.tv\/2026\/wp-json\/wp\/v2\/posts\/187176\/revisions\/187179"}],"wp:featuredmedia":[{"embeddable":true,"href":"https:\/\/canal7slp.tv\/2026\/wp-json\/wp\/v2\/media\/187178"}],"wp:attachment":[{"href":"https:\/\/canal7slp.tv\/2026\/wp-json\/wp\/v2\/media?parent=187176"}],"wp:term":[{"taxonomy":"category","embeddable":true,"href":"https:\/\/canal7slp.tv\/2026\/wp-json\/wp\/v2\/categories?post=187176"},{"taxonomy":"post_tag","embeddable":true,"href":"https:\/\/canal7slp.tv\/2026\/wp-json\/wp\/v2\/tags?post=187176"}],"curies":[{"name":"wp","href":"https:\/\/api.w.org\/{rel}","templated":true}]}}