{"id":187124,"date":"2025-12-05T18:51:33","date_gmt":"2025-12-06T00:51:33","guid":{"rendered":"https:\/\/canal7slp.tv\/2026\/?p=187124"},"modified":"2025-12-05T18:51:33","modified_gmt":"2025-12-06T00:51:33","slug":"muere-a-los-87-anos-el-iconico-actor-eduardo-manzano-el-polivoz","status":"publish","type":"post","link":"https:\/\/canal7slp.tv\/2026\/muere-a-los-87-anos-el-iconico-actor-eduardo-manzano-el-polivoz\/","title":{"rendered":"Muere a los 87 a\u00f1os el ic\u00f3nico actor Eduardo Manzano, \u00abEl Polivoz\u00bb"},"content":{"rendered":"<p style=\"text-align: justify;\">M\u00e9xico.- El actor y comediante Eduardo Manzano, conocido como \u00abEl Polivoz\u00bb y miembro del ic\u00f3nico d\u00fao \u00abLos Polivoces\u00bb junto a Enrique Cuenca, falleci\u00f3 el jueves 4 de diciembre a los 87 a\u00f1os de edad.<\/p>\n<p style=\"text-align: justify;\">La noticia fue confirmada por su hijo, Lalo Manzano, a trav\u00e9s de un comunicado publicado en redes sociales.<\/p>\n<p style=\"text-align: justify;\">En su mensaje, Lalo Manzano describi\u00f3 a su padre como un \u00abhombre extraordinario, bondadoso, inteligente y con un coraz\u00f3n tan grande como su talento\u00bb.<\/p>\n<p style=\"text-align: justify;\">Agradeci\u00f3 las muestras de apoyo y record\u00f3 que su legado perdura \u00aben las personas que transform\u00f3 con una sonrisa\u00bb.<\/p>\n<p style=\"text-align: justify;\">La causa del deceso no fue especificada, aunque se inform\u00f3 que en sus \u00faltimos meses el actor enfrent\u00f3 complicaciones de salud relacionadas con su colon e intestinos.<\/p>\n<p style=\"text-align: justify;\">Eduardo Manzano naci\u00f3 el 18 de julio de 1938 en la Ciudad de M\u00e9xico.<\/p>\n<p style=\"text-align: justify;\">Inici\u00f3 su carrera en la radio y el teatro como imitador de voces, y en 1959, tras coincidir en el programa \u00abLa Hora del Imitador\u00bb, form\u00f3 junto a Enrique Cuenca el d\u00fao \u00abLos Polivoces\u00bb.<\/p>\n<p style=\"text-align: justify;\">Durante las d\u00e9cadas de 1960 y 1970, alcanzaron gran popularidad en televisi\u00f3n y cine con personajes como Agall\u00f3n Mafafas y Gordolfo Gelatino.<\/p>\n<p style=\"text-align: justify;\">Posteriormente, Manzano continu\u00f3 su trayectoria en cine, teatro y televisi\u00f3n, donde destac\u00f3 por su participaci\u00f3n en la serie \u00abUna familia de diez\u00bb interpretando al abuelo Arnoldo L\u00f3pez Cornejo.<\/p>\n<p style=\"text-align: justify;\">Su carrera abarc\u00f3 m\u00e1s de tres d\u00e9cadas y una treintena de producciones.<\/p>\n","protected":false},"excerpt":{"rendered":"<p>M\u00e9xico.- El actor y comediante Eduardo Manzano, conocido como \u00abEl Polivoz\u00bb y miembro del ic\u00f3nico d\u00fao \u00abLos Polivoces\u00bb junto a Enrique Cuenca, falleci\u00f3 el jueves 4 de diciembre a los 87 a\u00f1os de edad. La noticia fue confirmada por su hijo, Lalo Manzano, a trav\u00e9s de un comunicado publicado en redes sociales. En su mensaje, Lalo Manzano describi\u00f3 a su padre como un \u00abhombre extraordinario, bondadoso, inteligente y con un coraz\u00f3n tan grande como su talento\u00bb. Agradeci\u00f3 las muestras de apoyo y record\u00f3 que su legado perdura \u00aben las personas que transform\u00f3 con una sonrisa\u00bb. La causa del deceso no [&hellip;]<\/p>\n","protected":false},"author":2,"featured_media":187125,"comment_status":"closed","ping_status":"closed","sticky":false,"template":"","format":"standard","meta":{"_monsterinsights_skip_tracking":false,"_monsterinsights_sitenote_active":false,"_monsterinsights_sitenote_note":"","_monsterinsights_sitenote_category":0,"footnotes":""},"categories":[42],"tags":[],"class_list":["post-187124","post","type-post","status-publish","format-standard","has-post-thumbnail","hentry","category-espectaculos","post--single"],"_links":{"self":[{"href":"https:\/\/canal7slp.tv\/2026\/wp-json\/wp\/v2\/posts\/187124","targetHints":{"allow":["GET"]}}],"collection":[{"href":"https:\/\/canal7slp.tv\/2026\/wp-json\/wp\/v2\/posts"}],"about":[{"href":"https:\/\/canal7slp.tv\/2026\/wp-json\/wp\/v2\/types\/post"}],"author":[{"embeddable":true,"href":"https:\/\/canal7slp.tv\/2026\/wp-json\/wp\/v2\/users\/2"}],"replies":[{"embeddable":true,"href":"https:\/\/canal7slp.tv\/2026\/wp-json\/wp\/v2\/comments?post=187124"}],"version-history":[{"count":1,"href":"https:\/\/canal7slp.tv\/2026\/wp-json\/wp\/v2\/posts\/187124\/revisions"}],"predecessor-version":[{"id":187126,"href":"https:\/\/canal7slp.tv\/2026\/wp-json\/wp\/v2\/posts\/187124\/revisions\/187126"}],"wp:featuredmedia":[{"embeddable":true,"href":"https:\/\/canal7slp.tv\/2026\/wp-json\/wp\/v2\/media\/187125"}],"wp:attachment":[{"href":"https:\/\/canal7slp.tv\/2026\/wp-json\/wp\/v2\/media?parent=187124"}],"wp:term":[{"taxonomy":"category","embeddable":true,"href":"https:\/\/canal7slp.tv\/2026\/wp-json\/wp\/v2\/categories?post=187124"},{"taxonomy":"post_tag","embeddable":true,"href":"https:\/\/canal7slp.tv\/2026\/wp-json\/wp\/v2\/tags?post=187124"}],"curies":[{"name":"wp","href":"https:\/\/api.w.org\/{rel}","templated":true}]}}