{"id":187117,"date":"2025-12-05T19:20:44","date_gmt":"2025-12-06T01:20:44","guid":{"rendered":"https:\/\/canal7slp.tv\/2026\/?p=187117"},"modified":"2025-12-05T19:20:44","modified_gmt":"2025-12-06T01:20:44","slug":"avalan-aumentos-a-la-tarifa-del-agua-potable-de-los-organismos-municipales","status":"publish","type":"post","link":"https:\/\/canal7slp.tv\/2026\/avalan-aumentos-a-la-tarifa-del-agua-potable-de-los-organismos-municipales\/","title":{"rendered":"Avalan aumentos a la tarifa del agua potable de los organismos municipales"},"content":{"rendered":"<p style=\"text-align: justify;\"><span style=\"font-size: 1.21429rem;\">SLP.- La comisi\u00f3n legislativa del Agua aprob\u00f3 por unanimidad indexar las tarifas del agua al \u00cdndice Nacional de Precios al Productor, lo que significa un incremento autorizado del 4.93 por ciento para 18 organismos municipales operadores del agua.<\/span><\/p>\n<p style=\"text-align: justify;\">Asimismo, en lo que respecta al INTERAPAS se le autoriz\u00f3 un aumento del 3.8 por ciento para el consumo en vivienda popular, y un 6.6 por ciento para el consumo residencial, comercial e industrial.<\/p>\n<p style=\"text-align: justify;\">Lo anterior, en relaci\u00f3n con las iniciativas de Leyes de Cuotas y Tarifas que remitieron los organismos operadores de agua, para el ejercicio fiscal 2026.<\/p>\n<p style=\"text-align: justify;\">Asimismo, en el transcurso de la pr\u00f3xima semana ser\u00e1n presentados los dict\u00e1menes de leyes de cuotas y tarifas a la Comisi\u00f3n del Agua, para ser votados en el Pleno de Congreso dentro del plazo establecido por la ley.<\/p>\n<p style=\"text-align: justify;\">Por: Claudio Ibarra<\/p>\n","protected":false},"excerpt":{"rendered":"<p>SLP.- La comisi\u00f3n legislativa del Agua aprob\u00f3 por unanimidad indexar las tarifas del agua al \u00cdndice Nacional de Precios al Productor, lo que significa un incremento autorizado del 4.93 por ciento para 18 organismos municipales operadores del agua. Asimismo, en lo que respecta al INTERAPAS se le autoriz\u00f3 un aumento del 3.8 por ciento para el consumo en vivienda popular, y un 6.6 por ciento para el consumo residencial, comercial e industrial. Lo anterior, en relaci\u00f3n con las iniciativas de Leyes de Cuotas y Tarifas que remitieron los organismos operadores de agua, para el ejercicio fiscal 2026. Asimismo, en el [&hellip;]<\/p>\n","protected":false},"author":2,"featured_media":187135,"comment_status":"closed","ping_status":"closed","sticky":false,"template":"","format":"video","meta":{"_monsterinsights_skip_tracking":false,"_monsterinsights_sitenote_active":false,"_monsterinsights_sitenote_note":"","_monsterinsights_sitenote_category":0,"footnotes":""},"categories":[3,5,45],"tags":[],"class_list":["post-187117","post","type-post","status-publish","format-video","has-post-thumbnail","hentry","category-congreso","category-destacadas","category-localesyregionales","post_format-post-format-video","post--single"],"_links":{"self":[{"href":"https:\/\/canal7slp.tv\/2026\/wp-json\/wp\/v2\/posts\/187117","targetHints":{"allow":["GET"]}}],"collection":[{"href":"https:\/\/canal7slp.tv\/2026\/wp-json\/wp\/v2\/posts"}],"about":[{"href":"https:\/\/canal7slp.tv\/2026\/wp-json\/wp\/v2\/types\/post"}],"author":[{"embeddable":true,"href":"https:\/\/canal7slp.tv\/2026\/wp-json\/wp\/v2\/users\/2"}],"replies":[{"embeddable":true,"href":"https:\/\/canal7slp.tv\/2026\/wp-json\/wp\/v2\/comments?post=187117"}],"version-history":[{"count":2,"href":"https:\/\/canal7slp.tv\/2026\/wp-json\/wp\/v2\/posts\/187117\/revisions"}],"predecessor-version":[{"id":187136,"href":"https:\/\/canal7slp.tv\/2026\/wp-json\/wp\/v2\/posts\/187117\/revisions\/187136"}],"wp:featuredmedia":[{"embeddable":true,"href":"https:\/\/canal7slp.tv\/2026\/wp-json\/wp\/v2\/media\/187135"}],"wp:attachment":[{"href":"https:\/\/canal7slp.tv\/2026\/wp-json\/wp\/v2\/media?parent=187117"}],"wp:term":[{"taxonomy":"category","embeddable":true,"href":"https:\/\/canal7slp.tv\/2026\/wp-json\/wp\/v2\/categories?post=187117"},{"taxonomy":"post_tag","embeddable":true,"href":"https:\/\/canal7slp.tv\/2026\/wp-json\/wp\/v2\/tags?post=187117"}],"curies":[{"name":"wp","href":"https:\/\/api.w.org\/{rel}","templated":true}]}}