{"id":187115,"date":"2025-12-05T18:47:46","date_gmt":"2025-12-06T00:47:46","guid":{"rendered":"https:\/\/canal7slp.tv\/2026\/?p=187115"},"modified":"2025-12-05T18:47:46","modified_gmt":"2025-12-06T00:47:46","slug":"agencias-de-viajes-piden-la-reactivacion-del-vuelo-directo-puerto-vallarta-san-luis-potosi","status":"publish","type":"post","link":"https:\/\/canal7slp.tv\/2026\/agencias-de-viajes-piden-la-reactivacion-del-vuelo-directo-puerto-vallarta-san-luis-potosi\/","title":{"rendered":"Agencias de viajes piden la reactivaci\u00f3n del vuelo directo Puerto Vallarta-San Luis Potos\u00ed"},"content":{"rendered":"<p style=\"text-align: justify;\"><span style=\"font-size: 1.21429rem;\">SLP.- Al comentar que uno de los destinos tur\u00edsticos favoritos de los potosinos en esta temporada de fin de a\u00f1o son las playas de Puerto Vallarta, la presidenta en San Luis Potos\u00ed, de la Asociaci\u00f3n Mexicana de Agencias de Viajes, extern\u00f3 su deseo de que para el pr\u00f3ximo a\u00f1o 2026 se reactive el vuelo directo entre San Luis Potos\u00ed y este puerto.<\/span><\/p>\n<p style=\"text-align: justify;\">Reiter\u00f3 que la apertura de este vuelo genera grandes expectativas porque adem\u00e1s, ahorrar\u00eda tiempos de traslado, mejorar\u00eda la movilidad y aumentar\u00eda la venta de paquetes tur\u00edsticos hacia este destino de playa.<\/p>\n<p style=\"text-align: justify;\">En el mismo contexto, la presidenta local de la AMAV se\u00f1al\u00f3 que Los Cabos tambi\u00e9n es otros destino de playa favorito entre los potosinos en esta temporada, al destacar la importancia de abrir nueva ruta a\u00e9rea hacia este lugar.<\/p>\n<p style=\"text-align: justify;\">Por: Claudio Ibarra<\/p>\n","protected":false},"excerpt":{"rendered":"<p>SLP.- Al comentar que uno de los destinos tur\u00edsticos favoritos de los potosinos en esta temporada de fin de a\u00f1o son las playas de Puerto Vallarta, la presidenta en San Luis Potos\u00ed, de la Asociaci\u00f3n Mexicana de Agencias de Viajes, extern\u00f3 su deseo de que para el pr\u00f3ximo a\u00f1o 2026 se reactive el vuelo directo entre San Luis Potos\u00ed y este puerto. Reiter\u00f3 que la apertura de este vuelo genera grandes expectativas porque adem\u00e1s, ahorrar\u00eda tiempos de traslado, mejorar\u00eda la movilidad y aumentar\u00eda la venta de paquetes tur\u00edsticos hacia este destino de playa. En el mismo contexto, la presidenta local [&hellip;]<\/p>\n","protected":false},"author":2,"featured_media":187122,"comment_status":"closed","ping_status":"closed","sticky":false,"template":"","format":"video","meta":{"_monsterinsights_skip_tracking":false,"_monsterinsights_sitenote_active":false,"_monsterinsights_sitenote_note":"","_monsterinsights_sitenote_category":0,"footnotes":""},"categories":[5,45],"tags":[],"class_list":["post-187115","post","type-post","status-publish","format-video","has-post-thumbnail","hentry","category-destacadas","category-localesyregionales","post_format-post-format-video","post--single"],"_links":{"self":[{"href":"https:\/\/canal7slp.tv\/2026\/wp-json\/wp\/v2\/posts\/187115","targetHints":{"allow":["GET"]}}],"collection":[{"href":"https:\/\/canal7slp.tv\/2026\/wp-json\/wp\/v2\/posts"}],"about":[{"href":"https:\/\/canal7slp.tv\/2026\/wp-json\/wp\/v2\/types\/post"}],"author":[{"embeddable":true,"href":"https:\/\/canal7slp.tv\/2026\/wp-json\/wp\/v2\/users\/2"}],"replies":[{"embeddable":true,"href":"https:\/\/canal7slp.tv\/2026\/wp-json\/wp\/v2\/comments?post=187115"}],"version-history":[{"count":2,"href":"https:\/\/canal7slp.tv\/2026\/wp-json\/wp\/v2\/posts\/187115\/revisions"}],"predecessor-version":[{"id":187123,"href":"https:\/\/canal7slp.tv\/2026\/wp-json\/wp\/v2\/posts\/187115\/revisions\/187123"}],"wp:featuredmedia":[{"embeddable":true,"href":"https:\/\/canal7slp.tv\/2026\/wp-json\/wp\/v2\/media\/187122"}],"wp:attachment":[{"href":"https:\/\/canal7slp.tv\/2026\/wp-json\/wp\/v2\/media?parent=187115"}],"wp:term":[{"taxonomy":"category","embeddable":true,"href":"https:\/\/canal7slp.tv\/2026\/wp-json\/wp\/v2\/categories?post=187115"},{"taxonomy":"post_tag","embeddable":true,"href":"https:\/\/canal7slp.tv\/2026\/wp-json\/wp\/v2\/tags?post=187115"}],"curies":[{"name":"wp","href":"https:\/\/api.w.org\/{rel}","templated":true}]}}